{"id":3528,"date":"2023-12-21T09:10:47","date_gmt":"2023-12-21T12:10:47","guid":{"rendered":"https:\/\/joaosoaresneto.com.br\/index.php\/2023\/12\/21\/menor-e-crime-diario-do-nordeste\/"},"modified":"2023-12-21T09:10:47","modified_gmt":"2023-12-21T12:10:47","slug":"menor-e-crime-diario-do-nordeste","status":"publish","type":"post","link":"https:\/\/joaosoaresneto.com.br\/index.php\/2023\/12\/21\/menor-e-crime-diario-do-nordeste\/","title":{"rendered":"MENOR E CRIME &#8211; Di\u00e1rio do Nordeste"},"content":{"rendered":"<p>Segundo as estat\u00edsticas e as ONGs, cerca de 30 mil jovens, entre 12 e 24 anos, s\u00e3o mortos a cada ano no Brasil. O crescimento demogr\u00e1fico do s\u00e9culo XX foi desordenado. Gra\u00e7as \u00e0 posi\u00e7\u00e3o da Igreja n\u00e3o se permitiu o controle de natalidade. Por falta de a\u00e7\u00e3o do Estado e do elevado grau de pobreza, parte significativa da popula\u00e7\u00e3o brasileira, egressa do interior, ocupou favelas e margens de cursos de \u00e1gua das \u00e1reas urbanas. A grande maioria da juventude est\u00e1 sem rumo, perspectiva e \u00e9 presa f\u00e1cil para ser cooptada por criminosos.<br \/>\nS\u00f3 no Rio, existem 5 mil adolescentes participando do crime organizado. Estas considera\u00e7\u00f5es refletem a nossa indigna\u00e7\u00e3o quando um adolescente mata, a troco de nada, algu\u00e9m que contraria a sua vontade ao n\u00e3o entregar, de pronto, o carro ou os bens que porta. Um exemplo, entre tantos: esta semana, um professor, ao lado de sua mulher, foram mortos por um grupo de adolescentes que j\u00e1 tinha cometido delitos. Chegava em casa de carro, apenas isso.<br \/>\nO Estatuto da Crian\u00e7a e do Adolescente \u00e9 \u201ccoisa de Primeiro Mundo\u201d, dizem alguns. Mas, no Primeiro Mundo, os adolescentes s\u00e3o julgados como adultos. N\u00e3o criticamos a lei ou sugerimos mudan\u00e7as, mas cobramos do Estado a sua aplica\u00e7\u00e3o na t\u00e3o falada ressocializa\u00e7\u00e3o que, na pr\u00e1tica, n\u00e3o existe. N\u00e3o sabemos se a redu\u00e7\u00e3o da maioridade resolveria, mas sabemos que as fam\u00edlias precisam ser assistidas, quando seus filhos s\u00e3o recrutados para ingressar na marginalidade. O pai de um dos acusados do crime do professor, disse: \u201cfoi dif\u00edcil para mim, mas assim que soube, fui l\u00e1 dizer que era meu filho porque acho que ele deve ser detido\u201d. A que ponto, chegamos.<br \/>\nEnquanto isso, no Congresso Nacional, corre a ideia de dar estabilidade a 300 mil funcion\u00e1rios que entraram no servi\u00e7o p\u00fablico sem concurso, fruto do apadrinhamento. Esse caos nacional n\u00e3o \u00e9 s\u00f3 a\u00e9reo, \u00e9 subterr\u00e2neo, pois est\u00e1 nas entranhas de uma a\u00e7\u00e3o pol\u00edtica nefasta que perdeu o senso do limite e da compostura. Mill\u00f4r Fernandes lan\u00e7ou um desafio: qual a diferen\u00e7a entre pol\u00edtico e ladr\u00e3o? Uma pessoa respondeu: o pol\u00edtico, eu escolho e o ladr\u00e3o me escolhe. Enfim, existe uma diferen\u00e7a.<\/p>\n<p>Jo\u00e3o Soares Neto,<br \/>\ncronista<br \/>\nCR\u00d4NICA PUBLICADA NO DI\u00c1RIO DO NORDESTE EM 19\/08\/2007.<\/p>\n","protected":false},"excerpt":{"rendered":"<p>Segundo as estat\u00edsticas e as ONGs, cerca de 30 mil jovens, entre 12 e 24 anos, s\u00e3o mortos a cada ano no Brasil. O crescimento demogr\u00e1fico do s\u00e9culo XX foi desordenado. Gra\u00e7as \u00e0 posi\u00e7\u00e3o da Igreja n\u00e3o se permitiu o controle de natalidade. Por falta de a\u00e7\u00e3o do Estado e do elevado grau de pobreza, parte significativa da popula\u00e7\u00e3o brasileira, egressa do interior, ocupou favelas e margens de cursos de \u00e1gua das \u00e1reas urbanas. A grande maioria da juventude est\u00e1 sem rumo, perspectiva e \u00e9 presa f\u00e1cil para ser cooptada por criminosos.<br \/>\nS\u00f3 no Rio, existem 5 mil adolescentes participando do crime organizado. Estas considera\u00e7\u00f5es refletem a nossa indigna\u00e7\u00e3o quando um adolescente mata, a troco de nada, algu\u00e9m que contraria a sua vontade ao n\u00e3o entregar, de pronto, o carro ou os bens que porta. Um exemplo, entre tantos: esta semana, um professor, ao lado de sua mulher, foram mortos por um grupo de adolescentes que j\u00e1 tinha cometido delitos. Chegava em casa de carro, apenas isso.<br \/>\nO Estatuto da Crian\u00e7a e do Adolescente \u00e9 \u201ccoisa de Primeiro Mundo\u201d, dizem alguns. Mas, no Primeiro Mundo, os adolescentes s\u00e3o julgados como adultos. N\u00e3o criticamos a lei ou sugerimos mudan\u00e7as, mas cobramos do Estado a sua aplica\u00e7\u00e3o na t\u00e3o falada ressocializa\u00e7\u00e3o que, na pr\u00e1tica, n\u00e3o existe. N\u00e3o sabemos se a redu\u00e7\u00e3o da maioridade resolveria, mas sabemos que as fam\u00edlias precisam ser assistidas, quando seus filhos s\u00e3o recrutados para ingressar na marginalidade. O pai de um dos acusados do crime do professor, disse: \u201cfoi dif\u00edcil para mim, mas assim que soube, fui l\u00e1 dizer que era meu filho porque acho que ele deve ser detido\u201d. A que ponto, chegamos.<br \/>\nEnquanto isso, no Congresso Nacional, corre a ideia de dar estabilidade a 300 mil funcion\u00e1rios que entraram no servi\u00e7o p\u00fablico sem concurso, fruto do apadrinhamento. Esse caos nacional n\u00e3o \u00e9 s\u00f3 a\u00e9reo, \u00e9 subterr\u00e2neo, pois est\u00e1 nas entranhas de uma a\u00e7\u00e3o pol\u00edtica nefasta que perdeu o senso do limite e da compostura. Mill\u00f4r Fernandes lan\u00e7ou um desafio: qual a diferen\u00e7a entre pol\u00edtico e ladr\u00e3o? Uma pessoa respondeu: o pol\u00edtico, eu escolho e o ladr\u00e3o me escolhe. Enfim, existe uma diferen\u00e7a.<\/p>\n<p>Jo\u00e3o Soares Neto,<br \/>\ncronista<br \/>\nCR\u00d4NICA PUBLICADA NO DI\u00c1RIO DO NORDESTE EM 19\/08\/2007.<\/p>\n","protected":false},"author":2,"featured_media":0,"comment_status":"closed","ping_status":"closed","sticky":false,"template":"","format":"standard","meta":{"_jetpack_memberships_contains_paid_content":false,"footnotes":""},"categories":[],"tags":[],"class_list":["post-3528","post","type-post","status-publish","format-standard","hentry"],"jetpack_featured_media_url":"","jetpack_sharing_enabled":true,"_links":{"self":[{"href":"https:\/\/joaosoaresneto.com.br\/index.php\/wp-json\/wp\/v2\/posts\/3528","targetHints":{"allow":["GET"]}}],"collection":[{"href":"https:\/\/joaosoaresneto.com.br\/index.php\/wp-json\/wp\/v2\/posts"}],"about":[{"href":"https:\/\/joaosoaresneto.com.br\/index.php\/wp-json\/wp\/v2\/types\/post"}],"author":[{"embeddable":true,"href":"https:\/\/joaosoaresneto.com.br\/index.php\/wp-json\/wp\/v2\/users\/2"}],"replies":[{"embeddable":true,"href":"https:\/\/joaosoaresneto.com.br\/index.php\/wp-json\/wp\/v2\/comments?post=3528"}],"version-history":[{"count":0,"href":"https:\/\/joaosoaresneto.com.br\/index.php\/wp-json\/wp\/v2\/posts\/3528\/revisions"}],"wp:attachment":[{"href":"https:\/\/joaosoaresneto.com.br\/index.php\/wp-json\/wp\/v2\/media?parent=3528"}],"wp:term":[{"taxonomy":"category","embeddable":true,"href":"https:\/\/joaosoaresneto.com.br\/index.php\/wp-json\/wp\/v2\/categories?post=3528"},{"taxonomy":"post_tag","embeddable":true,"href":"https:\/\/joaosoaresneto.com.br\/index.php\/wp-json\/wp\/v2\/tags?post=3528"}],"curies":[{"name":"wp","href":"https:\/\/api.w.org\/{rel}","templated":true}]}}