{"id":3608,"date":"2023-12-21T09:10:49","date_gmt":"2023-12-21T12:10:49","guid":{"rendered":"https:\/\/joaosoaresneto.com.br\/index.php\/2023\/12\/21\/desencanto-e-encanto-no-rio-diario-do-nordeste\/"},"modified":"2023-12-21T09:10:49","modified_gmt":"2023-12-21T12:10:49","slug":"desencanto-e-encanto-no-rio-diario-do-nordeste","status":"publish","type":"post","link":"https:\/\/joaosoaresneto.com.br\/index.php\/2023\/12\/21\/desencanto-e-encanto-no-rio-diario-do-nordeste\/","title":{"rendered":"DESENCANTO E ENCANTO NO RIO &#8211; Di\u00e1rio do Nordeste"},"content":{"rendered":"<p>RIO DE JANEIRO \u2013 Des\u00e7o no Aeroporto do Gale\u00e3o, ali\u00e1s Tom Jobim, teoricamente \u00e9 inverno, estamos em setembro, mas a temperatura \u00e9 de 35%.<br \/>\nAparece logo um agenciador dessas cooperativas de t\u00e1xi e, ap\u00f3s alguns minutos, chega um Vectra novo, ar condicionado, cumprimento o motorista e tomamos o rumo da cidade.<br \/>\nEste Rio \u00e9 um velho conhecido meu, desde o tempo de estudante em que ficava por aqui mesmo na Ilha do Governador, depois me mandava para Copacabana, onde at\u00e9 hoje permane\u00e7o, na minha temporalidade. Dizia que ia de t\u00e1xi e, de repente, um brutal engarrafamento. Penso no pior, um assalto ou arrast\u00e3o. N\u00e3o era. Era um acidente com um carro que, desgovernado, bateu no guard-rail da ponte nova, onde estamos parados. Vejo o motorista ligar seu r\u00e1dio e informar a seus colegas de cooperativa que evitassem a ponta nova, seguissem pela velha. Parados, sem ter o que fazer, pergunto a ele em quem vai votar.<br \/>\nEle, meia-idade, linguagem clara, coerente e articulada, me diz que anular\u00e1 seu voto e explica as raz\u00f5es. Formou-se em Matem\u00e1tica, fez p\u00f3s-gradua\u00e7\u00e3o em inform\u00e1tica e foi ser analista de sistemas. Juntou dinheiro, comprou um pequeno posto de gasolina ao tempo em que liberaram as \u201cbandeiras\u201d, isto \u00e9, todos podiam comprar o combust\u00edvel onde quisessem. Apareceram os vendedores de combust\u00edveis adulterados, n\u00e3o comprou. Depois, vieram os fiscais e o quiseram achacar. Triste, vendeu o posto, com preju\u00edzo, e comprou um t\u00e1xi, onde trabalha 16 horas por dia, paga os estudos em uma faculdade particular de biologia para a \u00fanica filha, que n\u00e3o conseguiu vaga em universidade p\u00fablica. Desfila, a partir da\u00ed, o desencanto com os pol\u00edticos do Rio e do Brasil.<br \/>\nTermina o engarrafamento, passamos pelo Fund\u00e3o e tomamos a Linha Vermelha. Mostra os outdoors perto da favela da Mar\u00e9 e diz que o que os pol\u00edticos gastam nas elei\u00e7\u00f5es, s\u00f3 recuperar\u00e3o se for roubando. Entramos no t\u00fanel e j\u00e1 estamos na Lagoa Rodrigo de Freitas, onde tristes militantes acenam cartazes de candidatos de v\u00e1rios partidos. Ele ri e diz n\u00e3o acreditar em pesquisas, \u00e9 um c\u00e9tico e com sua forma\u00e7\u00e3o cartesiana \u201cprova\u201d que a elei\u00e7\u00e3o n\u00e3o est\u00e1 decidida para ningu\u00e9m, pois o n\u00famero de indecisos, dos que v\u00e3o votar em branco e nulo, \u00e9 muito grande.<br \/>\nAparece o mar, \u00e9, enfim, a orla do Rio, do jeito que Deus a fez, bela, exuberante, cheia de gente miscigenada em pleno dia de trabalho, biqu\u00ednis e cal\u00e7\u00f5es fazem pares, enquanto vendedores apregoam todos os tipos de quinquilharias. Sol a pino, \u00e9 inverno, creiam. Chego a meu destino. Ele desce, apanha minha mala, pago e se despede. \u00c9 Carlos, um brasileiro.<\/p>\n<p>Jo\u00e3o Soares Neto,<br \/>\ncronista<br \/>\nCR\u00d4NICA PUBLICADA NO DI\u00c1RIO DO NORDESTE EM 24\/09\/2006.<\/p>\n","protected":false},"excerpt":{"rendered":"<p>RIO DE JANEIRO \u2013 Des\u00e7o no Aeroporto do Gale\u00e3o, ali\u00e1s Tom Jobim, teoricamente \u00e9 inverno, estamos em setembro, mas a temperatura \u00e9 de 35%.<br \/>\nAparece logo um agenciador dessas cooperativas de t\u00e1xi e, ap\u00f3s alguns minutos, chega um Vectra novo, ar condicionado, cumprimento o motorista e tomamos o rumo da cidade.<br \/>\nEste Rio \u00e9 um velho conhecido meu, desde o tempo de estudante em que ficava por aqui mesmo na Ilha do Governador, depois me mandava para Copacabana, onde at\u00e9 hoje permane\u00e7o, na minha temporalidade. Dizia que ia de t\u00e1xi e, de repente, um brutal engarrafamento. Penso no pior, um assalto ou arrast\u00e3o. N\u00e3o era. Era um acidente com um carro que, desgovernado, bateu no guard-rail da ponte nova, onde estamos parados. Vejo o motorista ligar seu r\u00e1dio e informar a seus colegas de cooperativa que evitassem a ponta nova, seguissem pela velha. Parados, sem ter o que fazer, pergunto a ele em quem vai votar.<br \/>\nEle, meia-idade, linguagem clara, coerente e articulada, me diz que anular\u00e1 seu voto e explica as raz\u00f5es. Formou-se em Matem\u00e1tica, fez p\u00f3s-gradua\u00e7\u00e3o em inform\u00e1tica e foi ser analista de sistemas. Juntou dinheiro, comprou um pequeno posto de gasolina ao tempo em que liberaram as \u201cbandeiras\u201d, isto \u00e9, todos podiam comprar o combust\u00edvel onde quisessem. Apareceram os vendedores de combust\u00edveis adulterados, n\u00e3o comprou. Depois, vieram os fiscais e o quiseram achacar. Triste, vendeu o posto, com preju\u00edzo, e comprou um t\u00e1xi, onde trabalha 16 horas por dia, paga os estudos em uma faculdade particular de biologia para a \u00fanica filha, que n\u00e3o conseguiu vaga em universidade p\u00fablica. Desfila, a partir da\u00ed, o desencanto com os pol\u00edticos do Rio e do Brasil.<br \/>\nTermina o engarrafamento, passamos pelo Fund\u00e3o e tomamos a Linha Vermelha. Mostra os outdoors perto da favela da Mar\u00e9 e diz que o que os pol\u00edticos gastam nas elei\u00e7\u00f5es, s\u00f3 recuperar\u00e3o se for roubando. Entramos no t\u00fanel e j\u00e1 estamos na Lagoa Rodrigo de Freitas, onde tristes militantes acenam cartazes de candidatos de v\u00e1rios partidos. Ele ri e diz n\u00e3o acreditar em pesquisas, \u00e9 um c\u00e9tico e com sua forma\u00e7\u00e3o cartesiana \u201cprova\u201d que a elei\u00e7\u00e3o n\u00e3o est\u00e1 decidida para ningu\u00e9m, pois o n\u00famero de indecisos, dos que v\u00e3o votar em branco e nulo, \u00e9 muito grande.<br \/>\nAparece o mar, \u00e9, enfim, a orla do Rio, do jeito que Deus a fez, bela, exuberante, cheia de gente miscigenada em pleno dia de trabalho, biqu\u00ednis e cal\u00e7\u00f5es fazem pares, enquanto vendedores apregoam todos os tipos de quinquilharias. Sol a pino, \u00e9 inverno, creiam. Chego a meu destino. Ele desce, apanha minha mala, pago e se despede. \u00c9 Carlos, um brasileiro.<\/p>\n<p>Jo\u00e3o Soares Neto,<br \/>\ncronista<br \/>\nCR\u00d4NICA PUBLICADA NO DI\u00c1RIO DO NORDESTE EM 24\/09\/2006.<\/p>\n","protected":false},"author":2,"featured_media":0,"comment_status":"closed","ping_status":"closed","sticky":false,"template":"","format":"standard","meta":{"_jetpack_memberships_contains_paid_content":false,"footnotes":""},"categories":[],"tags":[],"class_list":["post-3608","post","type-post","status-publish","format-standard","hentry"],"jetpack_featured_media_url":"","jetpack_sharing_enabled":true,"_links":{"self":[{"href":"https:\/\/joaosoaresneto.com.br\/index.php\/wp-json\/wp\/v2\/posts\/3608","targetHints":{"allow":["GET"]}}],"collection":[{"href":"https:\/\/joaosoaresneto.com.br\/index.php\/wp-json\/wp\/v2\/posts"}],"about":[{"href":"https:\/\/joaosoaresneto.com.br\/index.php\/wp-json\/wp\/v2\/types\/post"}],"author":[{"embeddable":true,"href":"https:\/\/joaosoaresneto.com.br\/index.php\/wp-json\/wp\/v2\/users\/2"}],"replies":[{"embeddable":true,"href":"https:\/\/joaosoaresneto.com.br\/index.php\/wp-json\/wp\/v2\/comments?post=3608"}],"version-history":[{"count":0,"href":"https:\/\/joaosoaresneto.com.br\/index.php\/wp-json\/wp\/v2\/posts\/3608\/revisions"}],"wp:attachment":[{"href":"https:\/\/joaosoaresneto.com.br\/index.php\/wp-json\/wp\/v2\/media?parent=3608"}],"wp:term":[{"taxonomy":"category","embeddable":true,"href":"https:\/\/joaosoaresneto.com.br\/index.php\/wp-json\/wp\/v2\/categories?post=3608"},{"taxonomy":"post_tag","embeddable":true,"href":"https:\/\/joaosoaresneto.com.br\/index.php\/wp-json\/wp\/v2\/tags?post=3608"}],"curies":[{"name":"wp","href":"https:\/\/api.w.org\/{rel}","templated":true}]}}