{"id":3688,"date":"2023-12-21T09:10:51","date_gmt":"2023-12-21T12:10:51","guid":{"rendered":"https:\/\/joaosoaresneto.com.br\/index.php\/2023\/12\/21\/cancer-de-leigo-para-leigos\/"},"modified":"2023-12-21T09:10:51","modified_gmt":"2023-12-21T12:10:51","slug":"cancer-de-leigo-para-leigos","status":"publish","type":"post","link":"https:\/\/joaosoaresneto.com.br\/index.php\/2023\/12\/21\/cancer-de-leigo-para-leigos\/","title":{"rendered":"C\u00c2NCER: DE LEIGO PARA LEIGOS"},"content":{"rendered":"<p>Estou convivendo com duas pessoas queridas que lutam contra o c\u00e2ncer. Um homem e uma mulher. Ambos maduros e que, apesar de inteligentes, n\u00e3o se cuidavam bem. O homem n\u00e3o fazia os exames rotineiros para detectar o c\u00e2ncer de pr\u00f3stata. Quando foi cuidar, o c\u00e2ncer havia se instalado e amea\u00e7ava a \u00e1rea perif\u00e9rica. Chorou, reclamou, desanimou. Eu e outras pessoas amigas fomos duros e ele se mandou para S\u00e3o Paulo. Fez radioterapia, reclamava muito dos enjoos e do sofrimento. Voltou mais magro e com o marcador (psa)ainda alterado. Tomou inje\u00e7\u00f5es de horm\u00f4nio na barriga e j\u00e1 est\u00e1 com \u00f3timo peso, marcador (psa) no n\u00edvel normal, pintou o cabelo, anda de moto nos fins de semana e trabalha com afinco.<br \/>\nA mulher parece que deu azar. Apareceu uma \u201ctal de \u00e1gua na barriga\u201d, j\u00e1 era o c\u00e2ncer saindo da \u00e1rea primitiva e subindo. Enfrentou e enfrenta tudo com muita ra\u00e7a, perdeu a conta de quantas cirurgias j\u00e1 fez e continua lutando sem medo. Faz quimioterapia em casa, utiliza os recursos da alopatia e da homeopatia e tem um \u201csavoir-vivre\u201d de fazer inveja. A sua fam\u00edlia faz a diferen\u00e7a.<br \/>\nN\u00e3o estou devassando a privacidade de pessoas queridas. O que estou tentando fazer \u00e9 utilizar este espa\u00e7o em que escrevo, para alertar a todos, mulheres e homens, da necessidade de ser informado fazer preven\u00e7\u00f5es de sa\u00fade. Basta reservar algum tempo e fazer os exames por um plano de sa\u00fade ou at\u00e9 pelo SUS. O que n\u00e3o se pode \u00e9 ignorar que existem formas de prevenir. Admitindo, s\u00f3 para continuar o papo, que algu\u00e9m seja surpreendido por um c\u00e2ncer. Chore, reclame, d\u00ea muro na parede. Quando o choro secar, v\u00e1 \u00e0 luta. N\u00e3o se considere derrotado de v\u00e9spera. H\u00e1 muitos recursos m\u00e9dicos, desde que bem ser utilizados e no tempo adequado.<br \/>\nSe voc\u00ea n\u00e3o tiver dinheiro, venda qualquer bem, re\u00fana a fam\u00edlia e os amigos, conte a sua hist\u00f3ria e pe\u00e7a ajuda sem medo. Se n\u00e3o tiver quem ajude, v\u00e1 atr\u00e1s de seus direitos de cidad\u00e3o na Secret\u00e1ria de Sa\u00fade, no Decon ou denuncie a um promotor ou procurador. O direito \u00e0 cura \u00e9 fundamental. A \u00fanica coisa que um doente com c\u00e2ncer n\u00e3o pode fazer \u00e9 desanimar e deixar que a depress\u00e3o roube as suas defesas. Pelo contr\u00e1rio, descubra-se forte, pergunte, leia, encha o saco dos m\u00e9dicos, converse com quem j\u00e1 passou por algo semelhante, e v\u00e1 em frente, com f\u00e9 e sem essa de coitadinho.<br \/>\nAntes de terminar, se tudo estiver bem com a sua sa\u00fade, d\u00ea gra\u00e7as a Deus e, se for o caso, cuide para n\u00e3o ficar obeso, ande, mantenha uma dieta balanceada com frutas, legumes e carnes brancas, apague o cigarro, modere no \u00e1lcool, informe-se, n\u00e3o esque\u00e7a dos exames de rotina e fa\u00e7a as pazes com quem brigou. \u00d3dio \u00e9 a pior doen\u00e7a.<\/p>\n<p>Jo\u00e3o Soares Neto,<br \/>\nescritor<br \/>\nCR\u00d4NICA PUBLICADA NO DI\u00c1RIO DO NORDESTE EM 29\/02\/2004<\/p>\n","protected":false},"excerpt":{"rendered":"<p>Estou convivendo com duas pessoas queridas que lutam contra o c\u00e2ncer. Um homem e uma mulher. Ambos maduros e que, apesar de inteligentes, n\u00e3o se cuidavam bem. O homem n\u00e3o fazia os exames rotineiros para detectar o c\u00e2ncer de pr\u00f3stata. Quando foi cuidar, o c\u00e2ncer havia se instalado e amea\u00e7ava a \u00e1rea perif\u00e9rica. Chorou, reclamou, desanimou. Eu e outras pessoas amigas fomos duros e ele se mandou para S\u00e3o Paulo. Fez radioterapia, reclamava muito dos enjoos e do sofrimento. Voltou mais magro e com o marcador (psa)ainda alterado. Tomou inje\u00e7\u00f5es de horm\u00f4nio na barriga e j\u00e1 est\u00e1 com \u00f3timo peso, marcador (psa) no n\u00edvel normal, pintou o cabelo, anda de moto nos fins de semana e trabalha com afinco.<br \/>\nA mulher parece que deu azar. Apareceu uma \u201ctal de \u00e1gua na barriga\u201d, j\u00e1 era o c\u00e2ncer saindo da \u00e1rea primitiva e subindo. Enfrentou e enfrenta tudo com muita ra\u00e7a, perdeu a conta de quantas cirurgias j\u00e1 fez e continua lutando sem medo. Faz quimioterapia em casa, utiliza os recursos da alopatia e da homeopatia e tem um \u201csavoir-vivre\u201d de fazer inveja. A sua fam\u00edlia faz a diferen\u00e7a.<br \/>\nN\u00e3o estou devassando a privacidade de pessoas queridas. O que estou tentando fazer \u00e9 utilizar este espa\u00e7o em que escrevo, para alertar a todos, mulheres e homens, da necessidade de ser informado fazer preven\u00e7\u00f5es de sa\u00fade. Basta reservar algum tempo e fazer os exames por um plano de sa\u00fade ou at\u00e9 pelo SUS. O que n\u00e3o se pode \u00e9 ignorar que existem formas de prevenir. Admitindo, s\u00f3 para continuar o papo, que algu\u00e9m seja surpreendido por um c\u00e2ncer. Chore, reclame, d\u00ea muro na parede. Quando o choro secar, v\u00e1 \u00e0 luta. N\u00e3o se considere derrotado de v\u00e9spera. H\u00e1 muitos recursos m\u00e9dicos, desde que bem ser utilizados e no tempo adequado.<br \/>\nSe voc\u00ea n\u00e3o tiver dinheiro, venda qualquer bem, re\u00fana a fam\u00edlia e os amigos, conte a sua hist\u00f3ria e pe\u00e7a ajuda sem medo. Se n\u00e3o tiver quem ajude, v\u00e1 atr\u00e1s de seus direitos de cidad\u00e3o na Secret\u00e1ria de Sa\u00fade, no Decon ou denuncie a um promotor ou procurador. O direito \u00e0 cura \u00e9 fundamental. A \u00fanica coisa que um doente com c\u00e2ncer n\u00e3o pode fazer \u00e9 desanimar e deixar que a depress\u00e3o roube as suas defesas. Pelo contr\u00e1rio, descubra-se forte, pergunte, leia, encha o saco dos m\u00e9dicos, converse com quem j\u00e1 passou por algo semelhante, e v\u00e1 em frente, com f\u00e9 e sem essa de coitadinho.<br \/>\nAntes de terminar, se tudo estiver bem com a sua sa\u00fade, d\u00ea gra\u00e7as a Deus e, se for o caso, cuide para n\u00e3o ficar obeso, ande, mantenha uma dieta balanceada com frutas, legumes e carnes brancas, apague o cigarro, modere no \u00e1lcool, informe-se, n\u00e3o esque\u00e7a dos exames de rotina e fa\u00e7a as pazes com quem brigou. \u00d3dio \u00e9 a pior doen\u00e7a.<\/p>\n<p>Jo\u00e3o Soares Neto,<br \/>\nescritor<br \/>\nCR\u00d4NICA PUBLICADA NO DI\u00c1RIO DO NORDESTE EM 29\/02\/2004<\/p>\n","protected":false},"author":2,"featured_media":0,"comment_status":"closed","ping_status":"closed","sticky":false,"template":"","format":"standard","meta":{"_jetpack_memberships_contains_paid_content":false,"footnotes":""},"categories":[],"tags":[],"class_list":["post-3688","post","type-post","status-publish","format-standard","hentry"],"jetpack_featured_media_url":"","jetpack_sharing_enabled":true,"_links":{"self":[{"href":"https:\/\/joaosoaresneto.com.br\/index.php\/wp-json\/wp\/v2\/posts\/3688","targetHints":{"allow":["GET"]}}],"collection":[{"href":"https:\/\/joaosoaresneto.com.br\/index.php\/wp-json\/wp\/v2\/posts"}],"about":[{"href":"https:\/\/joaosoaresneto.com.br\/index.php\/wp-json\/wp\/v2\/types\/post"}],"author":[{"embeddable":true,"href":"https:\/\/joaosoaresneto.com.br\/index.php\/wp-json\/wp\/v2\/users\/2"}],"replies":[{"embeddable":true,"href":"https:\/\/joaosoaresneto.com.br\/index.php\/wp-json\/wp\/v2\/comments?post=3688"}],"version-history":[{"count":0,"href":"https:\/\/joaosoaresneto.com.br\/index.php\/wp-json\/wp\/v2\/posts\/3688\/revisions"}],"wp:attachment":[{"href":"https:\/\/joaosoaresneto.com.br\/index.php\/wp-json\/wp\/v2\/media?parent=3688"}],"wp:term":[{"taxonomy":"category","embeddable":true,"href":"https:\/\/joaosoaresneto.com.br\/index.php\/wp-json\/wp\/v2\/categories?post=3688"},{"taxonomy":"post_tag","embeddable":true,"href":"https:\/\/joaosoaresneto.com.br\/index.php\/wp-json\/wp\/v2\/tags?post=3688"}],"curies":[{"name":"wp","href":"https:\/\/api.w.org\/{rel}","templated":true}]}}