{"id":3689,"date":"2023-12-21T09:10:52","date_gmt":"2023-12-21T12:10:52","guid":{"rendered":"https:\/\/joaosoaresneto.com.br\/index.php\/2023\/12\/21\/a-cerveja-e-o-supermercado\/"},"modified":"2023-12-21T09:10:52","modified_gmt":"2023-12-21T12:10:52","slug":"a-cerveja-e-o-supermercado","status":"publish","type":"post","link":"https:\/\/joaosoaresneto.com.br\/index.php\/2023\/12\/21\/a-cerveja-e-o-supermercado\/","title":{"rendered":"A CERVEJA E O SUPERMERCADO"},"content":{"rendered":"<p>Houve um tempo, e n\u00e3o faz muito janeiro, em que as pessoas conheciam os donos das empresas, mesmo as grandes, de sua cidade. Sabiam suas hist\u00f3rias ou o que imaginavam ser, atrav\u00e9s de boatos e fofocas, as suas est\u00f3rias. Depois, as ditas grandes empresas da cidade foram sendo incorporadas ou incorporando empresas regionais. Em seguida, as empresas regionais foram tentadas a ser maiores e viraram nacionais. Um dia, bem recente, as multinacionais ou transnacionais, como chamam agora, resolveram, por conta da paradeira do Primeiro Mundo sair comprando por pa\u00edses afora o que achavam apetitoso ou estava dentro do seu nicho &#8211; esta \u00e9 a palavra que usam &#8211; de mercado.<br \/>\nTodos sabem que Adam Smith, ao escrever \u201cA Riqueza das Na\u00e7\u00f5es\u201d, falou na tal da \u201cm\u00e3o invis\u00edvel do mercado\u201d. Ningu\u00e9m v\u00ea a tal m\u00e3o, mas ela n\u00e3o se mete em cumbuca. S\u00f3 escolhe o que \u00e9 bom e vai comprando, comprando, de forma invis\u00edvel. Pois n\u00e3o \u00e9 que, o supermercado que era do \u201cseu Ant\u00f4nio\u201d, j\u00e1 passara por outras m\u00e3os, \u00e9 agora da maior multinacional do mundo de sua \u00e1rea. Silenciosos vieram os analistas, com os seus tradutores e os seus \u201cnotebooks\u201d, fizeram as contas, disseram que pagaram e j\u00e1 est\u00e3o mudando o nome. Tudo em nome do progresso, da economia de escala, da quebra de barreiras e da abertura internacional, pois este Brasil precisa muito de dinheiro de estrangeiro para pagar os juros que deve a estrangeiros. E como deve.<br \/>\nDo mesmo jeito, e no mesmo tom, h\u00e1 bem pouco tempo as cervejarias n\u00famero 1 e n\u00famero 2 se fundiram. Sem mudar os nomes das marcas, criaram uma grande empresa que se meteu a multinacional, comprando outras menores no Brasil e a n\u00famero n\u00e3o sei o que da Argentina. De repente, vieram, uns silentes belgas e vapt: compraram o controle da 1, da 2 e de tudo o mais. Deram declara\u00e7\u00e3o nas tvs, compraram p\u00e1ginas e p\u00e1ginas de jornais e revistas para explicar um \u201cacordo de acionistas\u201d em que os brasileiros ainda continuar\u00e3o co-gerindo, apesar de minorit\u00e1rios. Pois sim. O que se explica demais nem sempre \u00e9 o mais certo.<br \/>\nEstas duas est\u00f3rias, aparentemente engra\u00e7adas, s\u00e3o o retrato do que se vive hoje aqui e ali. Enquanto os jos\u00e9s, ant\u00f4nios e franciscos, que ainda s\u00e3o pequenos ou m\u00e9dios empres\u00e1rios continuam lutando para sobreviver, arranjar compradores, descontar t\u00edtulos em bancos, receber o que lhes devem, acertar as contas com um fisco impiedoso e draconiano, as grandes empresas e as ditas transnacionais acercam-se de consultores fiscais, planejamento financeiro, n\u00e3o pagam impostos, at\u00e9 que se transformem, quem sabe, em um novo grande engodo ou esc\u00e2ndalo, como aconteceu meses atr\u00e1s no pa\u00eds onde se originou a pizza e veio reverberar aqui onde muita gente gosta de pizza.<\/p>\n<p>Jo\u00e3o Soares Neto,<br \/>\nEscritor<br \/>\nCR\u00d4NICA PUBLICADA NO DI\u00c1RIO DO NORDESTE EM 14\/03\/2004.<\/p>\n","protected":false},"excerpt":{"rendered":"<p>Houve um tempo, e n\u00e3o faz muito janeiro, em que as pessoas conheciam os donos das empresas, mesmo as grandes, de sua cidade. Sabiam suas hist\u00f3rias ou o que imaginavam ser, atrav\u00e9s de boatos e fofocas, as suas est\u00f3rias. Depois, as ditas grandes empresas da cidade foram sendo incorporadas ou incorporando empresas regionais. Em seguida, as empresas regionais foram tentadas a ser maiores e viraram nacionais. Um dia, bem recente, as multinacionais ou transnacionais, como chamam agora, resolveram, por conta da paradeira do Primeiro Mundo sair comprando por pa\u00edses afora o que achavam apetitoso ou estava dentro do seu nicho &#8211; esta \u00e9 a palavra que usam &#8211; de mercado.<br \/>\nTodos sabem que Adam Smith, ao escrever \u201cA Riqueza das Na\u00e7\u00f5es\u201d, falou na tal da \u201cm\u00e3o invis\u00edvel do mercado\u201d. Ningu\u00e9m v\u00ea a tal m\u00e3o, mas ela n\u00e3o se mete em cumbuca. S\u00f3 escolhe o que \u00e9 bom e vai comprando, comprando, de forma invis\u00edvel. Pois n\u00e3o \u00e9 que, o supermercado que era do \u201cseu Ant\u00f4nio\u201d, j\u00e1 passara por outras m\u00e3os, \u00e9 agora da maior multinacional do mundo de sua \u00e1rea. Silenciosos vieram os analistas, com os seus tradutores e os seus \u201cnotebooks\u201d, fizeram as contas, disseram que pagaram e j\u00e1 est\u00e3o mudando o nome. Tudo em nome do progresso, da economia de escala, da quebra de barreiras e da abertura internacional, pois este Brasil precisa muito de dinheiro de estrangeiro para pagar os juros que deve a estrangeiros. E como deve.<br \/>\nDo mesmo jeito, e no mesmo tom, h\u00e1 bem pouco tempo as cervejarias n\u00famero 1 e n\u00famero 2 se fundiram. Sem mudar os nomes das marcas, criaram uma grande empresa que se meteu a multinacional, comprando outras menores no Brasil e a n\u00famero n\u00e3o sei o que da Argentina. De repente, vieram, uns silentes belgas e vapt: compraram o controle da 1, da 2 e de tudo o mais. Deram declara\u00e7\u00e3o nas tvs, compraram p\u00e1ginas e p\u00e1ginas de jornais e revistas para explicar um \u201cacordo de acionistas\u201d em que os brasileiros ainda continuar\u00e3o co-gerindo, apesar de minorit\u00e1rios. Pois sim. O que se explica demais nem sempre \u00e9 o mais certo.<br \/>\nEstas duas est\u00f3rias, aparentemente engra\u00e7adas, s\u00e3o o retrato do que se vive hoje aqui e ali. Enquanto os jos\u00e9s, ant\u00f4nios e franciscos, que ainda s\u00e3o pequenos ou m\u00e9dios empres\u00e1rios continuam lutando para sobreviver, arranjar compradores, descontar t\u00edtulos em bancos, receber o que lhes devem, acertar as contas com um fisco impiedoso e draconiano, as grandes empresas e as ditas transnacionais acercam-se de consultores fiscais, planejamento financeiro, n\u00e3o pagam impostos, at\u00e9 que se transformem, quem sabe, em um novo grande engodo ou esc\u00e2ndalo, como aconteceu meses atr\u00e1s no pa\u00eds onde se originou a pizza e veio reverberar aqui onde muita gente gosta de pizza.<\/p>\n<p>Jo\u00e3o Soares Neto,<br \/>\nEscritor<br \/>\nCR\u00d4NICA PUBLICADA NO DI\u00c1RIO DO NORDESTE EM 14\/03\/2004.<\/p>\n","protected":false},"author":2,"featured_media":0,"comment_status":"closed","ping_status":"closed","sticky":false,"template":"","format":"standard","meta":{"_jetpack_memberships_contains_paid_content":false,"footnotes":""},"categories":[],"tags":[],"class_list":["post-3689","post","type-post","status-publish","format-standard","hentry"],"jetpack_featured_media_url":"","jetpack_sharing_enabled":true,"_links":{"self":[{"href":"https:\/\/joaosoaresneto.com.br\/index.php\/wp-json\/wp\/v2\/posts\/3689","targetHints":{"allow":["GET"]}}],"collection":[{"href":"https:\/\/joaosoaresneto.com.br\/index.php\/wp-json\/wp\/v2\/posts"}],"about":[{"href":"https:\/\/joaosoaresneto.com.br\/index.php\/wp-json\/wp\/v2\/types\/post"}],"author":[{"embeddable":true,"href":"https:\/\/joaosoaresneto.com.br\/index.php\/wp-json\/wp\/v2\/users\/2"}],"replies":[{"embeddable":true,"href":"https:\/\/joaosoaresneto.com.br\/index.php\/wp-json\/wp\/v2\/comments?post=3689"}],"version-history":[{"count":0,"href":"https:\/\/joaosoaresneto.com.br\/index.php\/wp-json\/wp\/v2\/posts\/3689\/revisions"}],"wp:attachment":[{"href":"https:\/\/joaosoaresneto.com.br\/index.php\/wp-json\/wp\/v2\/media?parent=3689"}],"wp:term":[{"taxonomy":"category","embeddable":true,"href":"https:\/\/joaosoaresneto.com.br\/index.php\/wp-json\/wp\/v2\/categories?post=3689"},{"taxonomy":"post_tag","embeddable":true,"href":"https:\/\/joaosoaresneto.com.br\/index.php\/wp-json\/wp\/v2\/tags?post=3689"}],"curies":[{"name":"wp","href":"https:\/\/api.w.org\/{rel}","templated":true}]}}