{"id":3728,"date":"2023-12-21T09:10:52","date_gmt":"2023-12-21T12:10:52","guid":{"rendered":"https:\/\/joaosoaresneto.com.br\/index.php\/2023\/12\/21\/o-tronco-da-bianca\/"},"modified":"2023-12-21T09:10:52","modified_gmt":"2023-12-21T12:10:52","slug":"o-tronco-da-bianca","status":"publish","type":"post","link":"https:\/\/joaosoaresneto.com.br\/index.php\/2023\/12\/21\/o-tronco-da-bianca\/","title":{"rendered":"O TRONCO DA BIANCA"},"content":{"rendered":"<p>Saio do hospital onde fui ver Bianca nascer. \u00c9 dia claro, os ventos s\u00e3o fortes nesta manh\u00e3 venturosa e a poeira levantada me faz fechar os olhos, entrar numa viagem no tempo. Tempo que se confunde e infunde tantas vidas. Eis a narrativa da viagem: era o primeiro filho&#8230; N\u00e3o lhe deram nem o sobrenome da m\u00e3e, tampouco o do pai. Herdara um dos dois sobrenomes do av\u00f4 paterno, exatamente o que o dito-cujo av\u00f4 n\u00e3o inclu\u00edra na certid\u00e3o de batismo do seu pai. Assim, sem pedir, viera ao mundo desconectado dos nomes do pai e da m\u00e3e que o conceberam e amaram. E o av\u00f4 voou cedo para outras paragens, l\u00e1 ficou e finou. N\u00e3o herdou fama, nem desfama. Era apenas um neto usando o nome do av\u00f4.<br \/>\nE descobriu depois, quando vieram os irm\u00e3os, que tamb\u00e9m eles n\u00e3o tinham nada do seu nome. Era neto, filho e irm\u00e3o desconectado de sobrenome. Parece que seria ele, s\u00f3, sempre.<br \/>\nFoi crescendo em meio a essa confus\u00e3o e um dia amou e pretendeu casar. Casar nos dois, no religioso e no civil com comunh\u00e3o total de bem-querer e de bens. Precisava do batist\u00e9rio, prova de que era crist\u00e3o, sua cabe\u00e7a havia sido banhada na \u00e1gua-benta, ungido nos santos \u00f3leos e provara o sal da salva\u00e7\u00e3o. Juntou o batist\u00e9rio \u00e0 certid\u00e3o de nascimento. N\u00e3o conferiam. Um ano as separava. Um ano n\u00e3o vivido. No limbo. Era mais velho para a lei dos homens, sem ser, e s\u00f3 fora recebido na igreja no ano seguinte. Nem era ainda crist\u00e3o, mas j\u00e1 era pag\u00e3o, sem ter corpo ou alma.<br \/>\nExplicou-se tudo, muitas vezes e devagar. Entenderam quando um parente bispo, apaziguou os \u00e2nimos, disse ser um erro do cart\u00f3rio e o casamento foi acertado. A noiva, por seu turno, resolvera retirar, ao casar, o sobrenome duplo do pai. Assim, os filhos deles, o novo casal, teriam o sobrenome dele, sem nada a ver com o de seus irm\u00e3os e pais. E o dela, apenas com o sobrenome da m\u00e3e. Era uma genealogia nova e diferente. E gente, nascida do e por amor, foi brotando, surgindo um novo tronco. As velhas ra\u00edzes que sustentavam a \u00e1rvore haviam sido podadas e s\u00f3 restara aquele novo a crescer e esgalhar.<br \/>\nDeus &#8211; ou o destino-, por pirra\u00e7a, por n\u00e3o entender a confus\u00e3o ou em repres\u00e1lia, quem sabe, ao podar as ra\u00edzes paternas, determinou com seus poderes supremos e m\u00e1gicos que s\u00f3 vingaria mulher naquele novo tronco que formaria outras fam\u00edlias. Vieram quatro filhas, frutos da nova \u00e1rvore-base. Cresceram, apaixonaram-se e duas delas, com os seus eleitos maridos, geraram novas quatro filhas, incluindo a que chegou agora, nesta \u00faltima quarta-feira, 30 de julho: Bianca, leonina, nascida sob os ares do sol, uma melodia, canto novo, plena de gra\u00e7a, verdadeira prenda para seus pais, bonita, sadia, aben\u00e7oada por Deus. Nova vida, novo ciclo, quem sabe.<\/p>\n<p>Jo\u00e3o Soares Neto,<br \/>\nEscritor<br \/>\nCR\u00d4NICA PUBLICADA NO DI\u00c1RIO DO NORDESTE EM 03\/08\/2003.<\/p>\n","protected":false},"excerpt":{"rendered":"<p>Saio do hospital onde fui ver Bianca nascer. \u00c9 dia claro, os ventos s\u00e3o fortes nesta manh\u00e3 venturosa e a poeira levantada me faz fechar os olhos, entrar numa viagem no tempo. Tempo que se confunde e infunde tantas vidas. Eis a narrativa da viagem: era o primeiro filho&#8230; N\u00e3o lhe deram nem o sobrenome da m\u00e3e, tampouco o do pai. Herdara um dos dois sobrenomes do av\u00f4 paterno, exatamente o que o dito-cujo av\u00f4 n\u00e3o inclu\u00edra na certid\u00e3o de batismo do seu pai. Assim, sem pedir, viera ao mundo desconectado dos nomes do pai e da m\u00e3e que o conceberam e amaram. E o av\u00f4 voou cedo para outras paragens, l\u00e1 ficou e finou. N\u00e3o herdou fama, nem desfama. Era apenas um neto usando o nome do av\u00f4.<br \/>\nE descobriu depois, quando vieram os irm\u00e3os, que tamb\u00e9m eles n\u00e3o tinham nada do seu nome. Era neto, filho e irm\u00e3o desconectado de sobrenome. Parece que seria ele, s\u00f3, sempre.<br \/>\nFoi crescendo em meio a essa confus\u00e3o e um dia amou e pretendeu casar. Casar nos dois, no religioso e no civil com comunh\u00e3o total de bem-querer e de bens. Precisava do batist\u00e9rio, prova de que era crist\u00e3o, sua cabe\u00e7a havia sido banhada na \u00e1gua-benta, ungido nos santos \u00f3leos e provara o sal da salva\u00e7\u00e3o. Juntou o batist\u00e9rio \u00e0 certid\u00e3o de nascimento. N\u00e3o conferiam. Um ano as separava. Um ano n\u00e3o vivido. No limbo. Era mais velho para a lei dos homens, sem ser, e s\u00f3 fora recebido na igreja no ano seguinte. Nem era ainda crist\u00e3o, mas j\u00e1 era pag\u00e3o, sem ter corpo ou alma.<br \/>\nExplicou-se tudo, muitas vezes e devagar. Entenderam quando um parente bispo, apaziguou os \u00e2nimos, disse ser um erro do cart\u00f3rio e o casamento foi acertado. A noiva, por seu turno, resolvera retirar, ao casar, o sobrenome duplo do pai. Assim, os filhos deles, o novo casal, teriam o sobrenome dele, sem nada a ver com o de seus irm\u00e3os e pais. E o dela, apenas com o sobrenome da m\u00e3e. Era uma genealogia nova e diferente. E gente, nascida do e por amor, foi brotando, surgindo um novo tronco. As velhas ra\u00edzes que sustentavam a \u00e1rvore haviam sido podadas e s\u00f3 restara aquele novo a crescer e esgalhar.<br \/>\nDeus &#8211; ou o destino-, por pirra\u00e7a, por n\u00e3o entender a confus\u00e3o ou em repres\u00e1lia, quem sabe, ao podar as ra\u00edzes paternas, determinou com seus poderes supremos e m\u00e1gicos que s\u00f3 vingaria mulher naquele novo tronco que formaria outras fam\u00edlias. Vieram quatro filhas, frutos da nova \u00e1rvore-base. Cresceram, apaixonaram-se e duas delas, com os seus eleitos maridos, geraram novas quatro filhas, incluindo a que chegou agora, nesta \u00faltima quarta-feira, 30 de julho: Bianca, leonina, nascida sob os ares do sol, uma melodia, canto novo, plena de gra\u00e7a, verdadeira prenda para seus pais, bonita, sadia, aben\u00e7oada por Deus. Nova vida, novo ciclo, quem sabe.<\/p>\n<p>Jo\u00e3o Soares Neto,<br \/>\nEscritor<br \/>\nCR\u00d4NICA PUBLICADA NO DI\u00c1RIO DO NORDESTE EM 03\/08\/2003.<\/p>\n","protected":false},"author":2,"featured_media":0,"comment_status":"closed","ping_status":"closed","sticky":false,"template":"","format":"standard","meta":{"_jetpack_memberships_contains_paid_content":false,"footnotes":""},"categories":[],"tags":[],"class_list":["post-3728","post","type-post","status-publish","format-standard","hentry"],"jetpack_featured_media_url":"","jetpack_sharing_enabled":true,"_links":{"self":[{"href":"https:\/\/joaosoaresneto.com.br\/index.php\/wp-json\/wp\/v2\/posts\/3728","targetHints":{"allow":["GET"]}}],"collection":[{"href":"https:\/\/joaosoaresneto.com.br\/index.php\/wp-json\/wp\/v2\/posts"}],"about":[{"href":"https:\/\/joaosoaresneto.com.br\/index.php\/wp-json\/wp\/v2\/types\/post"}],"author":[{"embeddable":true,"href":"https:\/\/joaosoaresneto.com.br\/index.php\/wp-json\/wp\/v2\/users\/2"}],"replies":[{"embeddable":true,"href":"https:\/\/joaosoaresneto.com.br\/index.php\/wp-json\/wp\/v2\/comments?post=3728"}],"version-history":[{"count":0,"href":"https:\/\/joaosoaresneto.com.br\/index.php\/wp-json\/wp\/v2\/posts\/3728\/revisions"}],"wp:attachment":[{"href":"https:\/\/joaosoaresneto.com.br\/index.php\/wp-json\/wp\/v2\/media?parent=3728"}],"wp:term":[{"taxonomy":"category","embeddable":true,"href":"https:\/\/joaosoaresneto.com.br\/index.php\/wp-json\/wp\/v2\/categories?post=3728"},{"taxonomy":"post_tag","embeddable":true,"href":"https:\/\/joaosoaresneto.com.br\/index.php\/wp-json\/wp\/v2\/tags?post=3728"}],"curies":[{"name":"wp","href":"https:\/\/api.w.org\/{rel}","templated":true}]}}