{"id":3768,"date":"2023-12-21T09:10:53","date_gmt":"2023-12-21T12:10:53","guid":{"rendered":"https:\/\/joaosoaresneto.com.br\/index.php\/2023\/12\/21\/o-natal-e-a-fome\/"},"modified":"2023-12-21T09:10:53","modified_gmt":"2023-12-21T12:10:53","slug":"o-natal-e-a-fome","status":"publish","type":"post","link":"https:\/\/joaosoaresneto.com.br\/index.php\/2023\/12\/21\/o-natal-e-a-fome\/","title":{"rendered":"O NATAL E A FOME"},"content":{"rendered":"<p>Fala-se em Natal sem fome. Pensa-se que um, dois ou cem quilos de alimentos aplacam nossa consci\u00eancia. Cuida-se que um cart\u00e3o de Natal nos redime dos esquecimentos do ano todo. Pensa-se tanta coisa nesta \u00e9poca. E at\u00e9 se pensa que s\u00f3 agora \u00e9 preciso pensar mais nos outros. Entender, por fim, que a vida \u00e9 uma sucess\u00e3o de elos nos tornando brutos ou gente. Tenta-se usar um spray que espalhe pelo ar a fragr\u00e2ncia da fraternidade e, ao mesmo tempo, estanque a dor de tanta gente querida. Gente que est\u00e1 aqui lutando para viver, em meio \u00e0s apreens\u00f5es e d\u00favidas do dia a vir.<br \/>\nA fome n\u00e3o se aplaca com meros quilos de alimentos de segunda. A fome s\u00f3 acabar\u00e1 com atitudes de primeira. Menos melodrama e mais consci\u00eancia. Menos espet\u00e1culo e mais a\u00e7\u00e3o. Vivemos num mundo em que se gasta mais na m\u00eddia para se dizer que se construiu uma creche que o valor da pr\u00f3pria creche. \u00c9 preciso dar um fim ao mundo do faz-de-conta e viver num mundo em que o outro \u00e9 quem conta. N\u00e3o importa o que vai ao ar ou fica escrito, importa o que fa\u00e7o pelo outro, sem que ningu\u00e9m veja ou saiba. Sem o estardalha\u00e7o da fraternidade religiosa ou midi\u00e1tica. \u00c9 dentro de n\u00f3s que a fome de aparecer tem que come\u00e7ar a acabar. Tirar das entranhas dos nossos sentimentos as respostas ao bem-querer verdadeiro, em que o outro n\u00e3o seja apenas algu\u00e9m que vejo, mas com quem interajo, troco sonhos e busco solu\u00e7\u00f5es para nossa vida e a dos outros.<br \/>\nH\u00e1, certamente, gente a quem amamos, mas \u00e9 preciso que se tenha a coragem de dizer isso a ele ou a ela. Olha, eu o(a) amo. Vamos nos inteirar, deixarmos de ser meros peda\u00e7os de n\u00f3s mesmos e formar vidas inteiras. Quando tivermos a coragem de amar de verdade, sem peias, a\u00ed o mundo vai ficar com menos fome. N\u00e3o importa quem seja voc\u00ea, nem qu\u00e3o bom se ache. H\u00e1 muito a melhorar. E isso n\u00e3o \u00e9 pieguice de \u00e9poca de Natal. \u00c9 um sacolejo que devemos fazer sempre em nossas vidas. A fome n\u00e3o \u00e9 s\u00f3 produto da injusti\u00e7a social. Ela \u00e9 a cara da nossa indiferen\u00e7a pessoal, desse individualismo que nos isola at\u00e9 dos mais pr\u00f3ximos. Prometa a voc\u00ea: vou dizer a algu\u00e9m que ele &#8211; ou ela &#8211; \u00e9 importante para mim. N\u00e3o importa que ele \u2013 ou ela &#8211; n\u00e3o lhe d\u00ea ouvidos. Insista, invada a sua privacidade e achegue-se. Achegue-se, abanque-se, troque energia, chore, ria dos erros cometidos. Perdoe. Perdoe-se. A vida \u00e9 assim mesmo, complicada. Descomplique-se, pois. Apresse-se, a fome s\u00f3 se aplaca se voc\u00ea se der. Mexa-se. Feliz Natal.<\/p>\n<p>Jo\u00e3o Soares Neto,<br \/>\nescritor<br \/>\nCR\u00d4NICA PUBLICADA NO DI\u00c1RIO DO NORDESTE EM 22\/12\/2002.<\/p>\n","protected":false},"excerpt":{"rendered":"<p>Fala-se em Natal sem fome. Pensa-se que um, dois ou cem quilos de alimentos aplacam nossa consci\u00eancia. Cuida-se que um cart\u00e3o de Natal nos redime dos esquecimentos do ano todo. Pensa-se tanta coisa nesta \u00e9poca. E at\u00e9 se pensa que s\u00f3 agora \u00e9 preciso pensar mais nos outros. Entender, por fim, que a vida \u00e9 uma sucess\u00e3o de elos nos tornando brutos ou gente. Tenta-se usar um spray que espalhe pelo ar a fragr\u00e2ncia da fraternidade e, ao mesmo tempo, estanque a dor de tanta gente querida. Gente que est\u00e1 aqui lutando para viver, em meio \u00e0s apreens\u00f5es e d\u00favidas do dia a vir.<br \/>\nA fome n\u00e3o se aplaca com meros quilos de alimentos de segunda. A fome s\u00f3 acabar\u00e1 com atitudes de primeira. Menos melodrama e mais consci\u00eancia. Menos espet\u00e1culo e mais a\u00e7\u00e3o. Vivemos num mundo em que se gasta mais na m\u00eddia para se dizer que se construiu uma creche que o valor da pr\u00f3pria creche. \u00c9 preciso dar um fim ao mundo do faz-de-conta e viver num mundo em que o outro \u00e9 quem conta. N\u00e3o importa o que vai ao ar ou fica escrito, importa o que fa\u00e7o pelo outro, sem que ningu\u00e9m veja ou saiba. Sem o estardalha\u00e7o da fraternidade religiosa ou midi\u00e1tica. \u00c9 dentro de n\u00f3s que a fome de aparecer tem que come\u00e7ar a acabar. Tirar das entranhas dos nossos sentimentos as respostas ao bem-querer verdadeiro, em que o outro n\u00e3o seja apenas algu\u00e9m que vejo, mas com quem interajo, troco sonhos e busco solu\u00e7\u00f5es para nossa vida e a dos outros.<br \/>\nH\u00e1, certamente, gente a quem amamos, mas \u00e9 preciso que se tenha a coragem de dizer isso a ele ou a ela. Olha, eu o(a) amo. Vamos nos inteirar, deixarmos de ser meros peda\u00e7os de n\u00f3s mesmos e formar vidas inteiras. Quando tivermos a coragem de amar de verdade, sem peias, a\u00ed o mundo vai ficar com menos fome. N\u00e3o importa quem seja voc\u00ea, nem qu\u00e3o bom se ache. H\u00e1 muito a melhorar. E isso n\u00e3o \u00e9 pieguice de \u00e9poca de Natal. \u00c9 um sacolejo que devemos fazer sempre em nossas vidas. A fome n\u00e3o \u00e9 s\u00f3 produto da injusti\u00e7a social. Ela \u00e9 a cara da nossa indiferen\u00e7a pessoal, desse individualismo que nos isola at\u00e9 dos mais pr\u00f3ximos. Prometa a voc\u00ea: vou dizer a algu\u00e9m que ele &#8211; ou ela &#8211; \u00e9 importante para mim. N\u00e3o importa que ele \u2013 ou ela &#8211; n\u00e3o lhe d\u00ea ouvidos. Insista, invada a sua privacidade e achegue-se. Achegue-se, abanque-se, troque energia, chore, ria dos erros cometidos. Perdoe. Perdoe-se. A vida \u00e9 assim mesmo, complicada. Descomplique-se, pois. Apresse-se, a fome s\u00f3 se aplaca se voc\u00ea se der. Mexa-se. Feliz Natal.<\/p>\n<p>Jo\u00e3o Soares Neto,<br \/>\nescritor<br \/>\nCR\u00d4NICA PUBLICADA NO DI\u00c1RIO DO NORDESTE EM 22\/12\/2002.<\/p>\n","protected":false},"author":2,"featured_media":0,"comment_status":"closed","ping_status":"closed","sticky":false,"template":"","format":"standard","meta":{"_jetpack_memberships_contains_paid_content":false,"footnotes":""},"categories":[],"tags":[],"class_list":["post-3768","post","type-post","status-publish","format-standard","hentry"],"jetpack_featured_media_url":"","jetpack_sharing_enabled":true,"_links":{"self":[{"href":"https:\/\/joaosoaresneto.com.br\/index.php\/wp-json\/wp\/v2\/posts\/3768","targetHints":{"allow":["GET"]}}],"collection":[{"href":"https:\/\/joaosoaresneto.com.br\/index.php\/wp-json\/wp\/v2\/posts"}],"about":[{"href":"https:\/\/joaosoaresneto.com.br\/index.php\/wp-json\/wp\/v2\/types\/post"}],"author":[{"embeddable":true,"href":"https:\/\/joaosoaresneto.com.br\/index.php\/wp-json\/wp\/v2\/users\/2"}],"replies":[{"embeddable":true,"href":"https:\/\/joaosoaresneto.com.br\/index.php\/wp-json\/wp\/v2\/comments?post=3768"}],"version-history":[{"count":0,"href":"https:\/\/joaosoaresneto.com.br\/index.php\/wp-json\/wp\/v2\/posts\/3768\/revisions"}],"wp:attachment":[{"href":"https:\/\/joaosoaresneto.com.br\/index.php\/wp-json\/wp\/v2\/media?parent=3768"}],"wp:term":[{"taxonomy":"category","embeddable":true,"href":"https:\/\/joaosoaresneto.com.br\/index.php\/wp-json\/wp\/v2\/categories?post=3768"},{"taxonomy":"post_tag","embeddable":true,"href":"https:\/\/joaosoaresneto.com.br\/index.php\/wp-json\/wp\/v2\/tags?post=3768"}],"curies":[{"name":"wp","href":"https:\/\/api.w.org\/{rel}","templated":true}]}}