{"id":3769,"date":"2023-12-21T09:10:54","date_gmt":"2023-12-21T12:10:54","guid":{"rendered":"https:\/\/joaosoaresneto.com.br\/index.php\/2023\/12\/21\/viagem-pelo-seculo-xx\/"},"modified":"2023-12-21T09:10:54","modified_gmt":"2023-12-21T12:10:54","slug":"viagem-pelo-seculo-xx","status":"publish","type":"post","link":"https:\/\/joaosoaresneto.com.br\/index.php\/2023\/12\/21\/viagem-pelo-seculo-xx\/","title":{"rendered":"VIAGEM PELO S\u00c9CULO XX"},"content":{"rendered":"<p>Nasci no ventre da Segunda Guerra Mundial. Come\u00e7ava a redemocratiza\u00e7\u00e3o brasileira e aprendia a escrever com a m\u00e3o canhota. No suic\u00eddio de Vargas ainda vestia cal\u00e7as curtas, mas lembro do espanto geral, do feriado for\u00e7ado e da crise gerada. Com a elei\u00e7\u00e3o de Juscelino, em 1956, o Brasil foi recuperando a autoestima at\u00e9 que um porre e\/ ou a loucura de J\u00e2nio, em agosto de 1962, fez surgir a \u201cCadeia da Legalidade\u201d pedindo a posse de Jo\u00e3o Goulart, que passeava na China, \u00e0s nossas custas.<br \/>\nEm julho de 1963, por um desses acidentes da vida, presenciei a luta por direitos civis na marcha dos negros sobre Washington, sentindo de perto \u2013 e ao vivo &#8211; a energia contagiante de John Kennedy. No dia 01 de abril de 1964 amanhecemos sem saber de nada e, logo ap\u00f3s, euforia de um lado e medo espalhado no meio universit\u00e1rio, t\u00e3o idealista quanto desinformado. Em outubro de 1965 vi, em Roma, o funcionamento do Conc\u00edlio Vaticano II e pude participar, gra\u00e7as a um parente bispo, de uma b\u00ean\u00e7\u00e3o apost\u00f3lica de Paulo VI.<br \/>\nEm julho de 1969 estava no Rio grudado em uma televis\u00e3o vendo Neil Armstrong andar na lua. Presenciei no Maracan\u00e3, nas eliminat\u00f3rias da Copa de 70, ao jogo Brasil 1 X Paraguai 0, em que aconteceu o seu recorde de p\u00fablico, quase 200 mil pessoas. Em setembro de 1973 participava de um congresso em Lima quando derrubaram Allende. N\u00e3o tive d\u00favidas, fui \u00e0 Santiago do Chile ver os estragos feitos \u00e0 democracia e ao Pal\u00e1cio presidencial.<br \/>\nCom um grupo de amigos, me aventurei a tomar, em Estocolmo, um trem superlotado para ver o fen\u00f4meno do sol da meia-noite em Narvik, no C\u00edrculo Polar \u00c1rtico. Foi impressionante ver um dia com 24 horas de dura\u00e7\u00e3o sem resqu\u00edcios de noite. Quando Nixon foi defenestrado, em 1974, da Casa Branca veio parar com os costados em Paris onde, por coincid\u00eancia e com a presen\u00e7a do Jos\u00e9 Rangel, ficamos em um caf\u00e9 do Champs Elis\u00e9e. Mais uma vez, em 1989, me protegia do frio outono alem\u00e3o na casa de uma irm\u00e3 quando caiu o Muro de Berlim, em meio a comemora\u00e7\u00f5es improvisadas mostrando o outro lado e o port\u00e3o de Brandemburg, que j\u00e1 conhecera, n\u00e3o sem antes ser revistado por policiais orientais e farejado por c\u00e3es treinados.<br \/>\nTive que ir a Hong Konk exato em 1994, ano em que ela se despedia da Coroa Inglesa e a festa do Drag\u00e3o mostrava a cultura, a ascend\u00eancia e a vizinhan\u00e7a da China do outro lado das montanhas. Era vis\u00edvel o mal-estar dos ingleses de Hong Kong com a perda &#8211; mesmo bem negociada &#8211; de um de seus mais rent\u00e1veis neg\u00f3cios.<br \/>\nPassei uma semana em Israel em meio \u00e0 Intifada e pude sentir que, pelo menos para mim, n\u00e3o adianta algu\u00e9m pensar em solu\u00e7\u00e3o negociada para a luta entre \u00e1rabes e judeus. Tenho uma teoria meio absurda sobre a solu\u00e7\u00e3o desse conflito. Ela se baseia na miscigena\u00e7\u00e3o das ra\u00e7as, pela proximidade e o jogo de sedu\u00e7\u00e3o e medo que os rebeldes \u00e1rabes exercem sobre as mulheres de Israel e, igualmente, o despudorado ass\u00e9dio dos soldados israelenses sobre as jovens dos territ\u00f3rios ocupados. Os filhos dessa zorra poder\u00e3o gerar a paz.<br \/>\nDo que vi no S\u00e9culo XX, para mim t\u00e3o rico e contradit\u00f3rio, \u00e9 o que cumpre destacar pois contextualizado, correndo o risco de parecer cabotino, mas o sil\u00eancio sobre esses fatos poderia ser, mesmo agora, um deslize maior. Corro o risco, mas viver \u00e9 correr riscos, como j\u00e1 se sabe.<br \/>\nJo\u00e3o Soares Neto,<br \/>\nescritor<br \/>\nCR\u00d4NICA PUBLICADA NO DI\u00c1RIO DO NORDESTE EM 07\/01\/2001.<\/p>\n","protected":false},"excerpt":{"rendered":"<p>Nasci no ventre da Segunda Guerra Mundial. Come\u00e7ava a redemocratiza\u00e7\u00e3o brasileira e aprendia a escrever com a m\u00e3o canhota. No suic\u00eddio de Vargas ainda vestia cal\u00e7as curtas, mas lembro do espanto geral, do feriado for\u00e7ado e da crise gerada. Com a elei\u00e7\u00e3o de Juscelino, em 1956, o Brasil foi recuperando a autoestima at\u00e9 que um porre e\/ ou a loucura de J\u00e2nio, em agosto de 1962, fez surgir a \u201cCadeia da Legalidade\u201d pedindo a posse de Jo\u00e3o Goulart, que passeava na China, \u00e0s nossas custas.<br \/>\nEm julho de 1963, por um desses acidentes da vida, presenciei a luta por direitos civis na marcha dos negros sobre Washington, sentindo de perto \u2013 e ao vivo &#8211; a energia contagiante de John Kennedy. No dia 01 de abril de 1964 amanhecemos sem saber de nada e, logo ap\u00f3s, euforia de um lado e medo espalhado no meio universit\u00e1rio, t\u00e3o idealista quanto desinformado. Em outubro de 1965 vi, em Roma, o funcionamento do Conc\u00edlio Vaticano II e pude participar, gra\u00e7as a um parente bispo, de uma b\u00ean\u00e7\u00e3o apost\u00f3lica de Paulo VI.<br \/>\nEm julho de 1969 estava no Rio grudado em uma televis\u00e3o vendo Neil Armstrong andar na lua. Presenciei no Maracan\u00e3, nas eliminat\u00f3rias da Copa de 70, ao jogo Brasil 1 X Paraguai 0, em que aconteceu o seu recorde de p\u00fablico, quase 200 mil pessoas. Em setembro de 1973 participava de um congresso em Lima quando derrubaram Allende. N\u00e3o tive d\u00favidas, fui \u00e0 Santiago do Chile ver os estragos feitos \u00e0 democracia e ao Pal\u00e1cio presidencial.<br \/>\nCom um grupo de amigos, me aventurei a tomar, em Estocolmo, um trem superlotado para ver o fen\u00f4meno do sol da meia-noite em Narvik, no C\u00edrculo Polar \u00c1rtico. Foi impressionante ver um dia com 24 horas de dura\u00e7\u00e3o sem resqu\u00edcios de noite. Quando Nixon foi defenestrado, em 1974, da Casa Branca veio parar com os costados em Paris onde, por coincid\u00eancia e com a presen\u00e7a do Jos\u00e9 Rangel, ficamos em um caf\u00e9 do Champs Elis\u00e9e. Mais uma vez, em 1989, me protegia do frio outono alem\u00e3o na casa de uma irm\u00e3 quando caiu o Muro de Berlim, em meio a comemora\u00e7\u00f5es improvisadas mostrando o outro lado e o port\u00e3o de Brandemburg, que j\u00e1 conhecera, n\u00e3o sem antes ser revistado por policiais orientais e farejado por c\u00e3es treinados.<br \/>\nTive que ir a Hong Konk exato em 1994, ano em que ela se despedia da Coroa Inglesa e a festa do Drag\u00e3o mostrava a cultura, a ascend\u00eancia e a vizinhan\u00e7a da China do outro lado das montanhas. Era vis\u00edvel o mal-estar dos ingleses de Hong Kong com a perda &#8211; mesmo bem negociada &#8211; de um de seus mais rent\u00e1veis neg\u00f3cios.<br \/>\nPassei uma semana em Israel em meio \u00e0 Intifada e pude sentir que, pelo menos para mim, n\u00e3o adianta algu\u00e9m pensar em solu\u00e7\u00e3o negociada para a luta entre \u00e1rabes e judeus. Tenho uma teoria meio absurda sobre a solu\u00e7\u00e3o desse conflito. Ela se baseia na miscigena\u00e7\u00e3o das ra\u00e7as, pela proximidade e o jogo de sedu\u00e7\u00e3o e medo que os rebeldes \u00e1rabes exercem sobre as mulheres de Israel e, igualmente, o despudorado ass\u00e9dio dos soldados israelenses sobre as jovens dos territ\u00f3rios ocupados. Os filhos dessa zorra poder\u00e3o gerar a paz.<br \/>\nDo que vi no S\u00e9culo XX, para mim t\u00e3o rico e contradit\u00f3rio, \u00e9 o que cumpre destacar pois contextualizado, correndo o risco de parecer cabotino, mas o sil\u00eancio sobre esses fatos poderia ser, mesmo agora, um deslize maior. Corro o risco, mas viver \u00e9 correr riscos, como j\u00e1 se sabe.<br \/>\nJo\u00e3o Soares Neto,<br \/>\nescritor<br \/>\nCR\u00d4NICA PUBLICADA NO DI\u00c1RIO DO NORDESTE EM 07\/01\/2001.<\/p>\n","protected":false},"author":2,"featured_media":0,"comment_status":"closed","ping_status":"closed","sticky":false,"template":"","format":"standard","meta":{"_jetpack_memberships_contains_paid_content":false,"footnotes":""},"categories":[],"tags":[],"class_list":["post-3769","post","type-post","status-publish","format-standard","hentry"],"jetpack_featured_media_url":"","jetpack_sharing_enabled":true,"_links":{"self":[{"href":"https:\/\/joaosoaresneto.com.br\/index.php\/wp-json\/wp\/v2\/posts\/3769","targetHints":{"allow":["GET"]}}],"collection":[{"href":"https:\/\/joaosoaresneto.com.br\/index.php\/wp-json\/wp\/v2\/posts"}],"about":[{"href":"https:\/\/joaosoaresneto.com.br\/index.php\/wp-json\/wp\/v2\/types\/post"}],"author":[{"embeddable":true,"href":"https:\/\/joaosoaresneto.com.br\/index.php\/wp-json\/wp\/v2\/users\/2"}],"replies":[{"embeddable":true,"href":"https:\/\/joaosoaresneto.com.br\/index.php\/wp-json\/wp\/v2\/comments?post=3769"}],"version-history":[{"count":0,"href":"https:\/\/joaosoaresneto.com.br\/index.php\/wp-json\/wp\/v2\/posts\/3769\/revisions"}],"wp:attachment":[{"href":"https:\/\/joaosoaresneto.com.br\/index.php\/wp-json\/wp\/v2\/media?parent=3769"}],"wp:term":[{"taxonomy":"category","embeddable":true,"href":"https:\/\/joaosoaresneto.com.br\/index.php\/wp-json\/wp\/v2\/categories?post=3769"},{"taxonomy":"post_tag","embeddable":true,"href":"https:\/\/joaosoaresneto.com.br\/index.php\/wp-json\/wp\/v2\/tags?post=3769"}],"curies":[{"name":"wp","href":"https:\/\/api.w.org\/{rel}","templated":true}]}}