{"id":3809,"date":"2023-12-21T09:10:55","date_gmt":"2023-12-21T12:10:55","guid":{"rendered":"https:\/\/joaosoaresneto.com.br\/index.php\/2023\/12\/21\/a-missa-e-os-500-anos\/"},"modified":"2023-12-21T09:10:55","modified_gmt":"2023-12-21T12:10:55","slug":"a-missa-e-os-500-anos","status":"publish","type":"post","link":"https:\/\/joaosoaresneto.com.br\/index.php\/2023\/12\/21\/a-missa-e-os-500-anos\/","title":{"rendered":"A MISSA, E OS 500 ANOS"},"content":{"rendered":"<p>Para quem n\u00e3o sabe, sou Caminha pelo lado materno e Soares pelo paterno. E o que isso tem a ver com os 500 anos do Brasil? Nada ou alguma coisa. Alguma coisa, se considerarmos que o celebrante da primeira missa no Brasil foi Frei Henrique Soares, de Coimbra, e o escriv\u00e3o da frota, o homem da c\u00e9lebre carta inaugural, Pero Vaz de Caminha. Logo, tamb\u00e9m sou culpado, pelos dois lados, por tudo o que vem acontecendo nesta p\u00e1tria amada, salve, salve, desde que um dos dois (ou os dois, n\u00e3o se saber\u00e1 nunca), junto com o restante da tripula\u00e7\u00e3o das 13 caravelas, andaram se metendo com as nativas e deu nessa zoeira que \u00e9 a ra\u00e7a brasileira, misturada depois com as fortes e bonitas negras vindas da \u00c1frica.<br \/>\nTinha que acabar em samba, em futebol (dizem at\u00e9 que os \u00edndios antecederam os ingleses na cria\u00e7\u00e3o do futebol, chutando caveiras e cocos no meio de seus jogos tribais), no rebolado das mulheres (para se livrarem dos belisc\u00f5es e a\u00e7oites) e no banzo (tristeza) que muita gente ainda tem e nem prozac resolve.<br \/>\nEste pa\u00eds comemora os seus 500 anos em meio a uma onda de den\u00fancias, investiga\u00e7\u00f5es e um jornalismo sensacionalista, comandado, em razo\u00e1vel parte, por empresas que t\u00eam concess\u00f5es vencidas ou questionadas e algumas devem milh\u00f5es ao governo e sempre servem aos dirigentes de plant\u00e3o, independente de regime, partidos ou atestados de honestidade. Acrescente-se que s\u00e3o h\u00e1beis em desviar focos, direcionando a aten\u00e7\u00e3o do povo para o que agrada a quem lhe interessa. Enquanto os dirigentes mandam, eles elogiam, escamoteiam, defendem, afagam e cortejam. Na hora em que farejam a estrela caindo s\u00e3o os primeiros a fazer uma esp\u00e9cie de lobotomia e o passado \u00e9 apagado, como se o povo n\u00e3o tivesse mem\u00f3ria.<br \/>\nQuando se comemora os 500 anos constata-se estarrecido &#8211; s\u00f3 para citar um exemplo- que o governo j\u00e1 emprestou R$ 2,4 bilh\u00f5es \u00e0s empresas de telecomunica\u00e7\u00f5es privatizadas. E n\u00e3o fica s\u00f3 nisso; pode emprestar mais R$ 7 bilh\u00f5es em breve. O total das vendas foi de R$ 22 bilh\u00f5es. Se emprestar 9,4 bilh\u00f5es, os grupos compradores ter\u00e3o recebido 42% do total licitado. Ora, se o governo vendeu para se livrar de problemas (?), como ajudar, se todo santo dia pede dinheiro emprestado aos bancos? Al\u00e9m disso, o valor pago como \u00e1gio (condi\u00e7\u00e3o b\u00e1sica para vencer a licita\u00e7\u00e3o) ,na ocasi\u00e3o das compras das teles, poder\u00e1 ser abatido do imposto de renda a pagar.<br \/>\nFaz parte ainda da festa entender que os bancos t\u00eam no governo a maior fonte de receita: segura, n\u00e3o discute pre\u00e7o e sempre quer mais. Se o governo n\u00e3o tem dinheiro, reclama que n\u00e3o pode aumentar o m\u00ednimo para R$ 180, como \u00e9 que \u00e9 t\u00e3o (neo)liberal em facilitar a vida das grandes empresas que compraram as teles, disputando licita\u00e7\u00f5es em que se diziam fortes, financeiramente, e estavam capacitadas a assumir o controle das empresas privatizadas, pagando o \u00e1gio que, agora, descontam do imposto de renda?.<br \/>\nFaz mal n\u00e3o, a culpa \u00e9 minha e dos meus ascendentes portugueses.<br \/>\nJo\u00e3o Soares Neto,<br \/>\n escritor<br \/>\nCR\u00d4NICA PUBLICADA NO DI\u00c1RIO DO NORDESTE EM 16\/04\/2000.<\/p>\n","protected":false},"excerpt":{"rendered":"<p>Para quem n\u00e3o sabe, sou Caminha pelo lado materno e Soares pelo paterno. E o que isso tem a ver com os 500 anos do Brasil? Nada ou alguma coisa. Alguma coisa, se considerarmos que o celebrante da primeira missa no Brasil foi Frei Henrique Soares, de Coimbra, e o escriv\u00e3o da frota, o homem da c\u00e9lebre carta inaugural, Pero Vaz de Caminha. Logo, tamb\u00e9m sou culpado, pelos dois lados, por tudo o que vem acontecendo nesta p\u00e1tria amada, salve, salve, desde que um dos dois (ou os dois, n\u00e3o se saber\u00e1 nunca), junto com o restante da tripula\u00e7\u00e3o das 13 caravelas, andaram se metendo com as nativas e deu nessa zoeira que \u00e9 a ra\u00e7a brasileira, misturada depois com as fortes e bonitas negras vindas da \u00c1frica.<br \/>\nTinha que acabar em samba, em futebol (dizem at\u00e9 que os \u00edndios antecederam os ingleses na cria\u00e7\u00e3o do futebol, chutando caveiras e cocos no meio de seus jogos tribais), no rebolado das mulheres (para se livrarem dos belisc\u00f5es e a\u00e7oites) e no banzo (tristeza) que muita gente ainda tem e nem prozac resolve.<br \/>\nEste pa\u00eds comemora os seus 500 anos em meio a uma onda de den\u00fancias, investiga\u00e7\u00f5es e um jornalismo sensacionalista, comandado, em razo\u00e1vel parte, por empresas que t\u00eam concess\u00f5es vencidas ou questionadas e algumas devem milh\u00f5es ao governo e sempre servem aos dirigentes de plant\u00e3o, independente de regime, partidos ou atestados de honestidade. Acrescente-se que s\u00e3o h\u00e1beis em desviar focos, direcionando a aten\u00e7\u00e3o do povo para o que agrada a quem lhe interessa. Enquanto os dirigentes mandam, eles elogiam, escamoteiam, defendem, afagam e cortejam. Na hora em que farejam a estrela caindo s\u00e3o os primeiros a fazer uma esp\u00e9cie de lobotomia e o passado \u00e9 apagado, como se o povo n\u00e3o tivesse mem\u00f3ria.<br \/>\nQuando se comemora os 500 anos constata-se estarrecido &#8211; s\u00f3 para citar um exemplo- que o governo j\u00e1 emprestou R$ 2,4 bilh\u00f5es \u00e0s empresas de telecomunica\u00e7\u00f5es privatizadas. E n\u00e3o fica s\u00f3 nisso; pode emprestar mais R$ 7 bilh\u00f5es em breve. O total das vendas foi de R$ 22 bilh\u00f5es. Se emprestar 9,4 bilh\u00f5es, os grupos compradores ter\u00e3o recebido 42% do total licitado. Ora, se o governo vendeu para se livrar de problemas (?), como ajudar, se todo santo dia pede dinheiro emprestado aos bancos? Al\u00e9m disso, o valor pago como \u00e1gio (condi\u00e7\u00e3o b\u00e1sica para vencer a licita\u00e7\u00e3o) ,na ocasi\u00e3o das compras das teles, poder\u00e1 ser abatido do imposto de renda a pagar.<br \/>\nFaz parte ainda da festa entender que os bancos t\u00eam no governo a maior fonte de receita: segura, n\u00e3o discute pre\u00e7o e sempre quer mais. Se o governo n\u00e3o tem dinheiro, reclama que n\u00e3o pode aumentar o m\u00ednimo para R$ 180, como \u00e9 que \u00e9 t\u00e3o (neo)liberal em facilitar a vida das grandes empresas que compraram as teles, disputando licita\u00e7\u00f5es em que se diziam fortes, financeiramente, e estavam capacitadas a assumir o controle das empresas privatizadas, pagando o \u00e1gio que, agora, descontam do imposto de renda?.<br \/>\nFaz mal n\u00e3o, a culpa \u00e9 minha e dos meus ascendentes portugueses.<br \/>\nJo\u00e3o Soares Neto,<br \/>\n escritor<br \/>\nCR\u00d4NICA PUBLICADA NO DI\u00c1RIO DO NORDESTE EM 16\/04\/2000.<\/p>\n","protected":false},"author":2,"featured_media":0,"comment_status":"closed","ping_status":"closed","sticky":false,"template":"","format":"standard","meta":{"_jetpack_memberships_contains_paid_content":false,"footnotes":""},"categories":[],"tags":[],"class_list":["post-3809","post","type-post","status-publish","format-standard","hentry"],"jetpack_featured_media_url":"","jetpack_sharing_enabled":true,"_links":{"self":[{"href":"https:\/\/joaosoaresneto.com.br\/index.php\/wp-json\/wp\/v2\/posts\/3809","targetHints":{"allow":["GET"]}}],"collection":[{"href":"https:\/\/joaosoaresneto.com.br\/index.php\/wp-json\/wp\/v2\/posts"}],"about":[{"href":"https:\/\/joaosoaresneto.com.br\/index.php\/wp-json\/wp\/v2\/types\/post"}],"author":[{"embeddable":true,"href":"https:\/\/joaosoaresneto.com.br\/index.php\/wp-json\/wp\/v2\/users\/2"}],"replies":[{"embeddable":true,"href":"https:\/\/joaosoaresneto.com.br\/index.php\/wp-json\/wp\/v2\/comments?post=3809"}],"version-history":[{"count":0,"href":"https:\/\/joaosoaresneto.com.br\/index.php\/wp-json\/wp\/v2\/posts\/3809\/revisions"}],"wp:attachment":[{"href":"https:\/\/joaosoaresneto.com.br\/index.php\/wp-json\/wp\/v2\/media?parent=3809"}],"wp:term":[{"taxonomy":"category","embeddable":true,"href":"https:\/\/joaosoaresneto.com.br\/index.php\/wp-json\/wp\/v2\/categories?post=3809"},{"taxonomy":"post_tag","embeddable":true,"href":"https:\/\/joaosoaresneto.com.br\/index.php\/wp-json\/wp\/v2\/tags?post=3809"}],"curies":[{"name":"wp","href":"https:\/\/api.w.org\/{rel}","templated":true}]}}