{"id":3864,"date":"2023-12-21T09:10:56","date_gmt":"2023-12-21T12:10:56","guid":{"rendered":"https:\/\/joaosoaresneto.com.br\/index.php\/2023\/12\/21\/kosovo-e-denver\/"},"modified":"2023-12-24T08:09:07","modified_gmt":"2023-12-24T11:09:07","slug":"kosovo-e-denver","status":"publish","type":"post","link":"https:\/\/joaosoaresneto.com.br\/index.php\/2023\/12\/21\/kosovo-e-denver\/","title":{"rendered":"KOSOVO E DENVER"},"content":{"rendered":"<p>Um leitor pede-me para escrever sobre Kosovo. N\u00e3o sei nada sobre guerras. O que aprendi no curso de oficiais da reserva, j\u00e1 esqueci. Mesmo que ainda lembrasse, de nada serviria na an\u00e1lise dessa idiotia que levou quase 20 pa\u00edses a se reunirem, sob o manto da Organiza\u00e7\u00e3o do Tratado do Atl\u00e2ntico Norte (Otan), para atacar a Iugosl\u00e1via com m\u00edsseis e bombas, com o pretexto de serem delegados de uma Europa civilizada e democr\u00e1tica, atuarem contra o inimigo ditador e perverso.<br \/>\nNa \u00f3tica do Presidente americano, Bill Clinton, \u201cnossa alian\u00e7a quer por fim \u00e0 crise, ao sofrimento dos kosovares, \u00e0s prova\u00e7\u00f5es suportadas por uma popula\u00e7\u00e3o s\u00e9rvia for\u00e7ada a se envolver numa luta por um l\u00edder c\u00ednico que despreza seu bem-estar, que esconde dela a verdade sobre o que est\u00e1 acontecendo em Kosovo\u201d. E arremata: \u201cA trag\u00e9dia de Kosovo deve e precisa incentivar os esfor\u00e7os dos pa\u00edses da Otan, que dever\u00e3o prolongar-se por algum tempo, para dar suporte ao aprofundamento da democracia e toler\u00e2ncia e \u00e0 integra\u00e7\u00e3o \u00e9tnica e religiosa entre as na\u00e7\u00f5es do sudeste europeu\u201d.<br \/>\nPor outro lado, o Presidente iugoslavo, Slobodan Milosevic, n\u00e3o tem o direito de promover matan\u00e7as e discrimina\u00e7\u00f5es em nome de uma pureza \u00e9tnica. \u00c9 outro idiota. As atrocidades por ele cometidas devem ter o rep\u00fadio da comunidade internacional, mas isso n\u00e3o d\u00e1 o direito a ningu\u00e9m de fomentar uma nova guerra sob o pretexto de uma interven\u00e7\u00e3o human\u00edstica.<br \/>\nSer\u00e3o os americanos que choram o deplor\u00e1vel e brutal atentado \u00e0 uma escola em Denver os mesmos que aplaudem a insensatez dos m\u00edsseis? Ser\u00e1 que os mortos americanos s\u00e3o mais mortos que os mortos da Iugosl\u00e1via, sejam s\u00e9rvios ou kosovares?<br \/>\nA leitura verdadeira de uma guerra, como a que est\u00e1 sendo travada, passa pelo poderoso \u201clobby\u201d da ind\u00fastria armamentista, ap\u00e1trida e sem escr\u00fapulos, pela necessidade de demonstra\u00e7\u00e3o de poderio militar e de vigil\u00e2ncia continental que a OTAN faz na Europa, sob os olhares submissos da Organiza\u00e7\u00e3o das Na\u00e7\u00f5es Unidas.<br \/>\nEnquanto isso, na \u00c1frica, milhares de angolanos morrem h\u00e1 anos em luta fratricida e ningu\u00e9m se interessa ou faz nada. Ser\u00e1 que a ONU \u00e9 cega ou n\u00e3o v\u00ea a guerra civil em Angola por que os combatentes s\u00e3o negros e pobres? Igualmente, l\u00e1 na \u00c1sia, exatamente no Laos, na plan\u00edcie de Jars, se desenvolve outra guerra interna com outros milhares de v\u00edtimas. Ora, no Laos eles s\u00e3o asi\u00e1ticos e pobres, parece dizer a indiferente ONU.<br \/>\nN\u00e3o h\u00e1 l\u00f3gica nessa aberra\u00e7\u00e3o de Kosovo, a chamada \u201cAlbright\u2019s War\u201d, como refer\u00eancia \u00e0 Secret\u00e1ria de Estado americano, Madeleine Albright, e nenhum pol\u00edtico, militar ou comentarista de jornal ou televis\u00e3o consegue dourar a p\u00edlula dessa guerra tecnol\u00f3gica, que se dizia ass\u00e9ptica e instant\u00e2nea.<br \/>\nNoam Chomsky, ativista pol\u00edtico americano, \u00e9 um dos cr\u00edticos da guerra de Kosovo. Segundo ele, \u201cexiste um regime de lei internacional e ordem internacional ao qual todos t\u00eam a obriga\u00e7\u00e3o de se sujeitar, baseado na Carta e nas resolu\u00e7\u00f5es subsequentes da ONU e nas decis\u00f5es da Corte Internacional de Justi\u00e7a&#8230; Se voc\u00ea n\u00e3o consegue imaginar nenhum meio de obedecer \u00e0quele princ\u00edpio elementar, ent\u00e3o n\u00e3o fa\u00e7a nada. Sempre haver\u00e1 meios que poder\u00e3o ser considerados. A diplomacia e as negocia\u00e7\u00f5es nunca ser\u00e3o esgotadas\u201d.<br \/>\nQuem achar que sabe quando e como vai acabar esse conflito pode estar fazendo um arriscado exerc\u00edcio de futurologia. A insensatez dos homens armados e empoleirados em seus avi\u00f5es e helic\u00f3pteros \u00e9 comandada por homens engravatados que sempre afirmam estar lutando pela paz. Quem acreditar nessa hist\u00f3ria merece um pr\u00eamio: uma passagem de ida para Kosovo, com opcionais para Angola e Laos, com tudo pago, at\u00e9 a mortalha.<\/p>\n<p>Jo\u00e3o Soares Neto,<br \/>\nescritor<br \/>\nCR\u00d4NICA PUBLICADA NO DI\u00c1RIO DO NORDESTE EM 02\/05\/1999.<\/p>\n","protected":false},"excerpt":{"rendered":"<p>Um leitor pede-me para escrever sobre Kosovo. N\u00e3o sei nada sobre guerras. O que aprendi no curso de oficiais da reserva, j\u00e1 esqueci. Mesmo que ainda lembrasse, de nada serviria na an\u00e1lise dessa idiotia que levou quase 20 pa\u00edses a se reunirem, sob o manto da Organiza\u00e7\u00e3o do Tratado do Atl\u00e2ntico Norte (Otan), para atacar a Iugosl\u00e1via com m\u00edsseis e bombas, com o pretexto de serem delegados de uma Europa civilizada e democr\u00e1tica, atuarem contra o inimigo ditador e perverso.<br \/>\nNa \u00f3tica do Presidente americano, Bill Clinton, \u201cnossa alian\u00e7a quer por fim \u00e0 crise, ao sofrimento dos kosovares, \u00e0s prova\u00e7\u00f5es suportadas por uma popula\u00e7\u00e3o s\u00e9rvia for\u00e7ada a se envolver numa luta por um l\u00edder c\u00ednico que despreza seu bem-estar, que esconde dela a verdade sobre o que est\u00e1 acontecendo em Kosovo\u201d. E arremata: \u201cA trag\u00e9dia de Kosovo deve e precisa incentivar os esfor\u00e7os dos pa\u00edses da Otan, que dever\u00e3o prolongar-se por algum tempo, para dar suporte ao aprofundamento da democracia e toler\u00e2ncia e \u00e0 integra\u00e7\u00e3o \u00e9tnica e religiosa entre as na\u00e7\u00f5es do sudeste europeu\u201d.<br \/>\nPor outro lado, o Presidente iugoslavo, Slobodan Milosevic, n\u00e3o tem o direito de promover matan\u00e7as e discrimina\u00e7\u00f5es em nome de uma pureza \u00e9tnica. \u00c9 outro idiota. As atrocidades por ele cometidas devem ter o rep\u00fadio da comunidade internacional, mas isso n\u00e3o d\u00e1 o direito a ningu\u00e9m de fomentar uma nova guerra sob o pretexto de uma interven\u00e7\u00e3o human\u00edstica.<br \/>\nSer\u00e3o os americanos que choram o deplor\u00e1vel e brutal atentado \u00e0 uma escola em Denver os mesmos que aplaudem a insensatez dos m\u00edsseis? Ser\u00e1 que os mortos americanos s\u00e3o mais mortos que os mortos da Iugosl\u00e1via, sejam s\u00e9rvios ou kosovares?<br \/>\nA leitura verdadeira de uma guerra, como a que est\u00e1 sendo travada, passa pelo poderoso \u201clobby\u201d da ind\u00fastria armamentista, ap\u00e1trida e sem escr\u00fapulos, pela necessidade de demonstra\u00e7\u00e3o de poderio militar e de vigil\u00e2ncia continental que a OTAN faz na Europa, sob os olhares submissos da Organiza\u00e7\u00e3o das Na\u00e7\u00f5es Unidas.<br \/>\nEnquanto isso, na \u00c1frica, milhares de angolanos morrem h\u00e1 anos em luta fratricida e ningu\u00e9m se interessa ou faz nada. Ser\u00e1 que a ONU \u00e9 cega ou n\u00e3o v\u00ea a guerra civil em Angola por que os combatentes s\u00e3o negros e pobres? Igualmente, l\u00e1 na \u00c1sia, exatamente no Laos, na plan\u00edcie de Jars, se desenvolve outra guerra interna com outros milhares de v\u00edtimas. Ora, no Laos eles s\u00e3o asi\u00e1ticos e pobres, parece dizer a indiferente ONU.<br \/>\nN\u00e3o h\u00e1 l\u00f3gica nessa aberra\u00e7\u00e3o de Kosovo, a chamada \u201cAlbright\u2019s War\u201d, como refer\u00eancia \u00e0 Secret\u00e1ria de Estado americano, Madeleine Albright, e nenhum pol\u00edtico, militar ou comentarista de jornal ou televis\u00e3o consegue dourar a p\u00edlula dessa guerra tecnol\u00f3gica, que se dizia ass\u00e9ptica e instant\u00e2nea.<br \/>\nNoam Chomsky, ativista pol\u00edtico americano, \u00e9 um dos cr\u00edticos da guerra de Kosovo. Segundo ele, \u201cexiste um regime de lei internacional e ordem internacional ao qual todos t\u00eam a obriga\u00e7\u00e3o de se sujeitar, baseado na Carta e nas resolu\u00e7\u00f5es subsequentes da ONU e nas decis\u00f5es da Corte Internacional de Justi\u00e7a&#8230; Se voc\u00ea n\u00e3o consegue imaginar nenhum meio de obedecer \u00e0quele princ\u00edpio elementar, ent\u00e3o n\u00e3o fa\u00e7a nada. Sempre haver\u00e1 meios que poder\u00e3o ser considerados. A diplomacia e as negocia\u00e7\u00f5es nunca ser\u00e3o esgotadas\u201d.<br \/>\nQuem achar que sabe quando e como vai acabar esse conflito pode estar fazendo um arriscado exerc\u00edcio de futurologia. A insensatez dos homens armados e empoleirados em seus avi\u00f5es e helic\u00f3pteros \u00e9 comandada por homens engravatados que sempre afirmam estar lutando pela paz. Quem acreditar nessa hist\u00f3ria merece um pr\u00eamio: uma passagem de ida para Kosovo, com opcionais para Angola e Laos, com tudo pago, at\u00e9 a mortalha.<\/p>\n<p>Jo\u00e3o Soares Neto,<br \/>\nescritor<br \/>\nCR\u00d4NICA PUBLICADA NO DI\u00c1RIO DO NORDESTE EM 02\/05\/1999.<\/p>\n","protected":false},"author":2,"featured_media":0,"comment_status":"closed","ping_status":"closed","sticky":false,"template":"","format":"standard","meta":{"_jetpack_memberships_contains_paid_content":false,"footnotes":""},"categories":[3],"tags":[],"class_list":["post-3864","post","type-post","status-publish","format-standard","hentry","category-inedito"],"jetpack_featured_media_url":"","jetpack_sharing_enabled":true,"_links":{"self":[{"href":"https:\/\/joaosoaresneto.com.br\/index.php\/wp-json\/wp\/v2\/posts\/3864","targetHints":{"allow":["GET"]}}],"collection":[{"href":"https:\/\/joaosoaresneto.com.br\/index.php\/wp-json\/wp\/v2\/posts"}],"about":[{"href":"https:\/\/joaosoaresneto.com.br\/index.php\/wp-json\/wp\/v2\/types\/post"}],"author":[{"embeddable":true,"href":"https:\/\/joaosoaresneto.com.br\/index.php\/wp-json\/wp\/v2\/users\/2"}],"replies":[{"embeddable":true,"href":"https:\/\/joaosoaresneto.com.br\/index.php\/wp-json\/wp\/v2\/comments?post=3864"}],"version-history":[{"count":1,"href":"https:\/\/joaosoaresneto.com.br\/index.php\/wp-json\/wp\/v2\/posts\/3864\/revisions"}],"predecessor-version":[{"id":3921,"href":"https:\/\/joaosoaresneto.com.br\/index.php\/wp-json\/wp\/v2\/posts\/3864\/revisions\/3921"}],"wp:attachment":[{"href":"https:\/\/joaosoaresneto.com.br\/index.php\/wp-json\/wp\/v2\/media?parent=3864"}],"wp:term":[{"taxonomy":"category","embeddable":true,"href":"https:\/\/joaosoaresneto.com.br\/index.php\/wp-json\/wp\/v2\/categories?post=3864"},{"taxonomy":"post_tag","embeddable":true,"href":"https:\/\/joaosoaresneto.com.br\/index.php\/wp-json\/wp\/v2\/tags?post=3864"}],"curies":[{"name":"wp","href":"https:\/\/api.w.org\/{rel}","templated":true}]}}