{"id":3894,"date":"2023-12-21T09:10:57","date_gmt":"2023-12-21T12:10:57","guid":{"rendered":"https:\/\/joaosoaresneto.com.br\/index.php\/2023\/12\/21\/a-paranoia-do-2000\/"},"modified":"2023-12-24T08:09:07","modified_gmt":"2023-12-24T11:09:07","slug":"a-paranoia-do-2000","status":"publish","type":"post","link":"https:\/\/joaosoaresneto.com.br\/index.php\/2023\/12\/21\/a-paranoia-do-2000\/","title":{"rendered":"A PARAN\u00d3IA DO 2000"},"content":{"rendered":"<p>Est\u00e1 todo mundo contando. Faltam 24 dias para o ano 2000. E da\u00ed? O que \u00e9 que este tal ano dois mil vai mudar na sua vida se voc\u00ea mesmo n\u00e3o resolver mudar? N\u00e3o \u00e9 o tempo, se considerarmos que um ano \u00e9 um per\u00edodo de tempo, que muda voc\u00ea. O que muda voc\u00ea \u00e9 o uso que faz do tempo. Ent\u00e3o, cara prepare-se para mudar daqui a 25 dias ou tudo vai continuar na mesma, sem que o calend\u00e1rio possa ser usado a seu favor.<br \/>\nUm doidinho, Albert Einstein, na primeira metade deste s\u00e9culo, andou desmanchando o que Isaac Newton dizia h\u00e1 tempos: o tempo \u00e9 absoluto. N\u00e3o \u00e9. O tempo \u00e9 relativo, segundo o Albert. E para entender tudo isso \u00e9 preciso ficar sabendo que n\u00e3o existem s\u00f3 tr\u00eas dimens\u00f5es: altura, comprimento e largura, formando o espa\u00e7o. Al\u00e9m dessas tr\u00eas existe o tempo, que \u00e9 uma quarta dimens\u00e3o. Pois voltando ao que interessa, n\u00f3s vivemos em fun\u00e7\u00e3o do espa\u00e7o e do tempo e \u00e9 por tal raz\u00e3o que digo: se n\u00e3o soubermos aproveitar o tempo, de nada valer\u00e1 o espa\u00e7o, isto \u00e9, o mundinho que escolhemos para n\u00f3s.<br \/>\nPode parecer confuso o que disse acima, mas n\u00e3o \u00e9. Se tiver d\u00favida, releia.<br \/>\nVoc\u00ea precisa administrar o seu tempo, fazer as coisas acontecerem, ao inv\u00e9s de ficar na janela olhando o mundo rodar. Mova-se, traduza-se em movimento, a\u00e7\u00e3o e descubra em si e nos outros o sentido de sua vida. V\u00e1 tentando e consegue. N\u00e3o desanime se o seu atual espa\u00e7o n\u00e3o lhe for favor\u00e1vel, respire fundo e lembre-se que o mundo todo \u00e9 o seu espa\u00e7o, s\u00f3 o tempo \u00e9 finito, em sua dimens\u00e3o.<br \/>\nO que estou querendo lhe passar \u00e9 que \u00e9 preciso limpar a sujeira que o tempo deixou em seu corpo e na sua mente. Remova as estruturas superadas que s\u00f3 servem de obst\u00e1culo \u00e0s mudan\u00e7as que voc\u00ea ensaia fazer e n\u00e3o faz. Sai dessa, se voc\u00ea acha que o 2000 \u00e9 milagroso, vai rodar. Quem tem que obrar o milagre \u00e9 voc\u00ea, sacudindo os seus por\u00e9ns e entretantos. Deixe de procurar resposta no tempo e no espa\u00e7o, a resposta est\u00e1, usando o que disse Taiguara, no \u201cuniverso do teu corpo\u201d. Mexa-se e descubra se pode mandar para a cucuia o que lhe est\u00e1 enchendo o saco h\u00e1 tempos. Aproveite a desculpa do ano 2000 para romper alguns preconceitos que voc\u00ea mesmo criou. Dane-se o que os outros pensam ou voc\u00ea vai ficar ai esperando por milagre?<br \/>\nDaqui a alguns dias voc\u00ea ser\u00e1 uma pessoa do s\u00e9culo passado \u2013 se voc\u00ea acredita que o s\u00e9culo termina em 1999, mas isto \u00e9 outra est\u00f3ria \u2013 e se n\u00e3o ficar atento, independente da sua idade, poder\u00e1 parecer antigo, ultrapassado. Mostre que n\u00e3o \u00e9 antigo, ligue-se no espa\u00e7o e no tempo e desligue-se das pessoas chatas que perturbaram no \u201cs\u00e9culo passado\u201d. Assuma um compromisso e tente o usar o tempo como aliado e o seu espa\u00e7o parecer\u00e1 mais livre e despido de obst\u00e1culos para encontrar a felicidade que est\u00e1 a\u00ed no \u201cuniverso do seu corpo\u201d e da sua alma.<\/p>\n<p> Jo\u00e3o Soares Neto,<br \/>\nescritor<br \/>\nCR\u00d4NICA PUBLICADA NO DI\u00c1RIO DO NORDESTE EM 12\/12\/1999.<\/p>\n","protected":false},"excerpt":{"rendered":"<p>Est\u00e1 todo mundo contando. Faltam 24 dias para o ano 2000. E da\u00ed? O que \u00e9 que este tal ano dois mil vai mudar na sua vida se voc\u00ea mesmo n\u00e3o resolver mudar? N\u00e3o \u00e9 o tempo, se considerarmos que um ano \u00e9 um per\u00edodo de tempo, que muda voc\u00ea. O que muda voc\u00ea \u00e9 o uso que faz do tempo. Ent\u00e3o, cara prepare-se para mudar daqui a 25 dias ou tudo vai continuar na mesma, sem que o calend\u00e1rio possa ser usado a seu favor.<br \/>\nUm doidinho, Albert Einstein, na primeira metade deste s\u00e9culo, andou desmanchando o que Isaac Newton dizia h\u00e1 tempos: o tempo \u00e9 absoluto. N\u00e3o \u00e9. O tempo \u00e9 relativo, segundo o Albert. E para entender tudo isso \u00e9 preciso ficar sabendo que n\u00e3o existem s\u00f3 tr\u00eas dimens\u00f5es: altura, comprimento e largura, formando o espa\u00e7o. Al\u00e9m dessas tr\u00eas existe o tempo, que \u00e9 uma quarta dimens\u00e3o. Pois voltando ao que interessa, n\u00f3s vivemos em fun\u00e7\u00e3o do espa\u00e7o e do tempo e \u00e9 por tal raz\u00e3o que digo: se n\u00e3o soubermos aproveitar o tempo, de nada valer\u00e1 o espa\u00e7o, isto \u00e9, o mundinho que escolhemos para n\u00f3s.<br \/>\nPode parecer confuso o que disse acima, mas n\u00e3o \u00e9. Se tiver d\u00favida, releia.<br \/>\nVoc\u00ea precisa administrar o seu tempo, fazer as coisas acontecerem, ao inv\u00e9s de ficar na janela olhando o mundo rodar. Mova-se, traduza-se em movimento, a\u00e7\u00e3o e descubra em si e nos outros o sentido de sua vida. V\u00e1 tentando e consegue. N\u00e3o desanime se o seu atual espa\u00e7o n\u00e3o lhe for favor\u00e1vel, respire fundo e lembre-se que o mundo todo \u00e9 o seu espa\u00e7o, s\u00f3 o tempo \u00e9 finito, em sua dimens\u00e3o.<br \/>\nO que estou querendo lhe passar \u00e9 que \u00e9 preciso limpar a sujeira que o tempo deixou em seu corpo e na sua mente. Remova as estruturas superadas que s\u00f3 servem de obst\u00e1culo \u00e0s mudan\u00e7as que voc\u00ea ensaia fazer e n\u00e3o faz. Sai dessa, se voc\u00ea acha que o 2000 \u00e9 milagroso, vai rodar. Quem tem que obrar o milagre \u00e9 voc\u00ea, sacudindo os seus por\u00e9ns e entretantos. Deixe de procurar resposta no tempo e no espa\u00e7o, a resposta est\u00e1, usando o que disse Taiguara, no \u201cuniverso do teu corpo\u201d. Mexa-se e descubra se pode mandar para a cucuia o que lhe est\u00e1 enchendo o saco h\u00e1 tempos. Aproveite a desculpa do ano 2000 para romper alguns preconceitos que voc\u00ea mesmo criou. Dane-se o que os outros pensam ou voc\u00ea vai ficar ai esperando por milagre?<br \/>\nDaqui a alguns dias voc\u00ea ser\u00e1 uma pessoa do s\u00e9culo passado \u2013 se voc\u00ea acredita que o s\u00e9culo termina em 1999, mas isto \u00e9 outra est\u00f3ria \u2013 e se n\u00e3o ficar atento, independente da sua idade, poder\u00e1 parecer antigo, ultrapassado. Mostre que n\u00e3o \u00e9 antigo, ligue-se no espa\u00e7o e no tempo e desligue-se das pessoas chatas que perturbaram no \u201cs\u00e9culo passado\u201d. Assuma um compromisso e tente o usar o tempo como aliado e o seu espa\u00e7o parecer\u00e1 mais livre e despido de obst\u00e1culos para encontrar a felicidade que est\u00e1 a\u00ed no \u201cuniverso do seu corpo\u201d e da sua alma.<\/p>\n<p> Jo\u00e3o Soares Neto,<br \/>\nescritor<br \/>\nCR\u00d4NICA PUBLICADA NO DI\u00c1RIO DO NORDESTE EM 12\/12\/1999.<\/p>\n","protected":false},"author":2,"featured_media":0,"comment_status":"closed","ping_status":"closed","sticky":false,"template":"","format":"standard","meta":{"_jetpack_memberships_contains_paid_content":false,"footnotes":""},"categories":[3],"tags":[],"class_list":["post-3894","post","type-post","status-publish","format-standard","hentry","category-inedito"],"jetpack_featured_media_url":"","jetpack_sharing_enabled":true,"_links":{"self":[{"href":"https:\/\/joaosoaresneto.com.br\/index.php\/wp-json\/wp\/v2\/posts\/3894","targetHints":{"allow":["GET"]}}],"collection":[{"href":"https:\/\/joaosoaresneto.com.br\/index.php\/wp-json\/wp\/v2\/posts"}],"about":[{"href":"https:\/\/joaosoaresneto.com.br\/index.php\/wp-json\/wp\/v2\/types\/post"}],"author":[{"embeddable":true,"href":"https:\/\/joaosoaresneto.com.br\/index.php\/wp-json\/wp\/v2\/users\/2"}],"replies":[{"embeddable":true,"href":"https:\/\/joaosoaresneto.com.br\/index.php\/wp-json\/wp\/v2\/comments?post=3894"}],"version-history":[{"count":1,"href":"https:\/\/joaosoaresneto.com.br\/index.php\/wp-json\/wp\/v2\/posts\/3894\/revisions"}],"predecessor-version":[{"id":3911,"href":"https:\/\/joaosoaresneto.com.br\/index.php\/wp-json\/wp\/v2\/posts\/3894\/revisions\/3911"}],"wp:attachment":[{"href":"https:\/\/joaosoaresneto.com.br\/index.php\/wp-json\/wp\/v2\/media?parent=3894"}],"wp:term":[{"taxonomy":"category","embeddable":true,"href":"https:\/\/joaosoaresneto.com.br\/index.php\/wp-json\/wp\/v2\/categories?post=3894"},{"taxonomy":"post_tag","embeddable":true,"href":"https:\/\/joaosoaresneto.com.br\/index.php\/wp-json\/wp\/v2\/tags?post=3894"}],"curies":[{"name":"wp","href":"https:\/\/api.w.org\/{rel}","templated":true}]}}