{"id":3968,"date":"2024-04-12T19:17:34","date_gmt":"2024-04-12T22:17:34","guid":{"rendered":"https:\/\/joaosoaresneto.com.br\/?p=3968"},"modified":"2024-04-12T19:17:34","modified_gmt":"2024-04-12T22:17:34","slug":"fortaleza-e-eu","status":"publish","type":"post","link":"https:\/\/joaosoaresneto.com.br\/index.php\/2024\/04\/12\/fortaleza-e-eu\/","title":{"rendered":"Fortaleza e eu"},"content":{"rendered":"\n<p>Nasci em Fortaleza em meio \u00e0 Segunda Guerra Mundial. N\u00e3o havia raz\u00e3o para intuir o que acontecia no mundo.<br>Usava cueiros.<br><br>Depois, estudei o prim\u00e1rio e o secund\u00e1rio no Farias Brito, primeira sede, na Av. Duque de Caxias.<br><br>Fui seguindo, curioso e me vi fazendo vestibular para administra\u00e7\u00e3o, mas logo o Minist\u00e9rio da Educa\u00e7\u00e3o \u201cdesvaleu\u201d o que eu passara.<br>Ressabiado, no ano seguinte, emendei tr\u00eas: Direito, Administra\u00e7\u00e3o e anglo germ\u00e2nicas. Passei nas tr\u00eas, mas s\u00f3 consegui fazer duas, Adm, de dia, e Direito, noite. <br>Tudo aqui em Fortaleza, no nascedouro da Universidade do Cear\u00e1 que s\u00f3 passou a ser UFC, em 1965.<br>Matriculei-me em doutorado de direito da UFC e j\u00e1 quando, depois de dois anos, havia cumprido as aulas (a desembargadora Gisela Costa sabe&nbsp; bem dessa hist\u00f3ria), por ter sido minha colega no tal curso,&nbsp; que n\u00e3o valeu. MEC, de novo.<br><br>Assim, deixei de ser doutor. <br><br>Depois, outra tentativa, em Portugal, mas os patr\u00edcios acreditavam que iria tomar vaga de profissionais&nbsp; de l\u00e1.&nbsp; Era Ci\u00eancias Sociais.Imagine.<br>Tenho, guardado, o meu projeto de tese, aprovado. Ficou nisso. <br><br>Em compensa\u00e7\u00e3o, sou Consul Honor\u00e1rio do M\u00e9xico ha\u2019 24 anos, com carteira do MRE.<br><br><br>Retorno ao passado:<br>Eu me apaixonara cedo pela cidade em que nascera. <br>Morava, menino, na Major Facundo, na Pra\u00e7a do Carmo.<br><br>No outro lado da pra\u00e7a, surgia o Gin\u00e1sio Municipal de Fortaleza, exato onde fica hoje o Instituto do Cear\u00e1, do qual fa\u00e7o parte.<br>Gostava de ver livros, revistas, palestras de todas as naturezas, filmes, teatro, circos, com\u00edcios, bibliotecas, fazia \u201cdi\u00e1rio\u201d (ainda tenho uns poucos) e assistia a missas celebradas pelo Padre Gaspar, ent\u00e3o vig\u00e1rio da par\u00f3quia.<br><br>Eu j\u00e1 torcia pelo \u201cFortaleza\u201d, pois meu pai, Francisco Bezerra de Oliveira, era o seu presidente.<br><br>Neste s\u00e1bado, a cidade de Fortaleza completa 298 anos,&nbsp; perto de chegar aos tr\u00eas milh\u00f5es de habitantes. <br>Hoje, dirijo seguido por motocicletas pela esquerda e pela direita. N\u00e3o s\u00e3o seguran\u00e7as, mas motoqueiros nervosos.<br><br>Volto ao passado. <br>Fomos morar no Bairro de F\u00e1tima. L\u00e1 eu fundei o Girafa, Grupo de Instru\u00e7\u00e3o e Recrea\u00e7\u00e3o Atl\u00e9tica de F\u00e1tima. Foi&nbsp; assim que conheci&nbsp; a historiadora Valdelice Gir\u00e3o. Tutoria.<br>Virei mundo, mas me aquietei por aqui, onde nasceram&nbsp; filhas e netos, fiz as minhas vidas de jornalista pago, com coluna, depois, como empres\u00e1rio sem dinheiro de governo, escrevi meus livros, curioso do aprender e de acessar as entidades das quais hoje fa\u00e7o parte.<br>Parab\u00e9ns a essa cidade que \u00e9 morena, embora a chamem de \u2018loura desposada\u2019.Licen\u00e7a po\u00e9tica? Desculpe, Paula Ney.<br><br>Jo\u00e3o Soares Neto \u00e9 da Academia Cearense de Letras, Associa\u00e7\u00e3o Brasileira de Imprensa, Associa\u00e7\u00e3o Brasileira de Bibli\u00f3filos e do Instituto do Cear\u00e1.<\/p>\n","protected":false},"excerpt":{"rendered":"<p>Nasci em Fortaleza em meio [&hellip;]<\/p>\n","protected":false},"author":1,"featured_media":0,"comment_status":"open","ping_status":"open","sticky":false,"template":"","format":"standard","meta":{"_jetpack_memberships_contains_paid_content":false,"footnotes":""},"categories":[1,3],"tags":[9,7,8],"class_list":["post-3968","post","type-post","status-publish","format-standard","hentry","category-blog","category-inedito","tag-aniversario-de-fortaleza","tag-fortaleza","tag-infancia"],"jetpack_featured_media_url":"","jetpack_sharing_enabled":true,"_links":{"self":[{"href":"https:\/\/joaosoaresneto.com.br\/index.php\/wp-json\/wp\/v2\/posts\/3968","targetHints":{"allow":["GET"]}}],"collection":[{"href":"https:\/\/joaosoaresneto.com.br\/index.php\/wp-json\/wp\/v2\/posts"}],"about":[{"href":"https:\/\/joaosoaresneto.com.br\/index.php\/wp-json\/wp\/v2\/types\/post"}],"author":[{"embeddable":true,"href":"https:\/\/joaosoaresneto.com.br\/index.php\/wp-json\/wp\/v2\/users\/1"}],"replies":[{"embeddable":true,"href":"https:\/\/joaosoaresneto.com.br\/index.php\/wp-json\/wp\/v2\/comments?post=3968"}],"version-history":[{"count":1,"href":"https:\/\/joaosoaresneto.com.br\/index.php\/wp-json\/wp\/v2\/posts\/3968\/revisions"}],"predecessor-version":[{"id":3969,"href":"https:\/\/joaosoaresneto.com.br\/index.php\/wp-json\/wp\/v2\/posts\/3968\/revisions\/3969"}],"wp:attachment":[{"href":"https:\/\/joaosoaresneto.com.br\/index.php\/wp-json\/wp\/v2\/media?parent=3968"}],"wp:term":[{"taxonomy":"category","embeddable":true,"href":"https:\/\/joaosoaresneto.com.br\/index.php\/wp-json\/wp\/v2\/categories?post=3968"},{"taxonomy":"post_tag","embeddable":true,"href":"https:\/\/joaosoaresneto.com.br\/index.php\/wp-json\/wp\/v2\/tags?post=3968"}],"curies":[{"name":"wp","href":"https:\/\/api.w.org\/{rel}","templated":true}]}}